{"id":397260,"date":"2016-05-16T10:29:27","date_gmt":"2016-05-16T16:29:27","guid":{"rendered":"http:\/\/www.futboltotal.com.mx\/?p=397260"},"modified":"2016-05-16T10:40:42","modified_gmt":"2016-05-16T16:40:42","slug":"definen-horarios-las-semifinales-del-clausura-2016","status":"publish","type":"post","link":"http:\/\/desarrollo.grupomedios.com\/futbol\/destacado-home\/definen-horarios-las-semifinales-del-clausura-2016\/2016\/05","title":{"rendered":"Horarios de las semifinales del Clausura 2016"},"content":{"rendered":"<p>La Liga MX dio a conocer las fechas y horarios de las <strong>semifinales<\/strong> del <strong>Clausura 2016<\/strong>.<\/p>\n<p><a href=\"http:\/\/www.futboltotal.com.mx\/2016\/05\/definen-horarios-las-semifinales-del-clausura-2016\/horarios-semifinales-clausura-2016\/\" rel=\"attachment wp-att-397264\"><img decoding=\"async\" loading=\"lazy\" class=\"aligncenter size-full wp-image-397264\" src=\"http:\/\/www.futboltotal.com.mx\/wp-content\/uploads\/2016\/05\/horarios-semifinales-clausura-2016.jpg\" alt=\"horarios-semifinales-clausura-2016\" srcset=\"http:\/\/desarrollo.grupomedios.com\/futbol\/wp-content\/uploads\/2016\/05\/horarios-semifinales-clausura-2016.jpg 700w, http:\/\/desarrollo.grupomedios.com\/futbol\/wp-content\/uploads\/2016\/05\/horarios-semifinales-clausura-2016-300x261.jpg 300w\" sizes=\"(max-width: 700px) 100vw, 700px\" \/><\/a><\/p>\n<p>Las series de <strong>semifinales<\/strong> abren el pr\u00f3ximo mi\u00e9rcoles en la cancha del Estadio Azteca. A las 20:30 horas, las <a href=\"http:\/\/www.futboltotal.com.mx\/equipos\/america\/\" target=\"_blank\"><em>\u00c1guilas<\/em> del Am\u00e9rica<\/a> reciben a <a href=\"http:\/\/www.futboltotal.com.mx\/equipos\/monterrey\/\" target=\"_blank\"><em>Rayados<\/em> de Monterrey<\/a>. En tanto, el duelo que definir\u00e1 al primer finalista del <strong>Clausura 2016<\/strong>, se disputar\u00e1 el s\u00e1bado, a las 20:30 horas, en el Estadio Bancomer.<\/p>\n<p>En Cuartos de Final, Am\u00e9rica elimin\u00f3 a las Chivas, mientras que Monterrey dej\u00f3 en el camino a Tigres, campe\u00f3n del pasado torneo de la Liga MX.<\/p>\n<p style=\"text-align: center;\"><span style=\"color: #3366ff;\"><strong><a style=\"color: #3366ff;\" href=\"http:\/\/www.futboltotal.com.mx\/2016\/05\/futbol-estufa-rumbo-al-apertura-2016\/\">LEER M\u00c1S: FUTBOL DE ESTUFA | Rumbo al Apertura 2016<\/a><\/strong><\/span><\/p>\n<p>Por su parte, la segunda\u00a0serie de las semifinales\u00a0del Clausura 2016\u00a0arrancar\u00e1 el pr\u00f3ximo\u00a0jueves en el Nou Camp, escenario donde los <a href=\"http:\/\/www.futboltotal.com.mx\/equipos\/leon\/\" target=\"_blank\"><em>Esmeraldas<\/em> del Le\u00f3n<\/a> recibir\u00e1n a los <a href=\"http:\/\/www.futboltotal.com.mx\/equipos\/pachuca\/\" target=\"_blank\"><em>Tuzos<\/em> del Pachuca<\/a>\u00a0a las 20:06 horas.\u00a0El enfrentamiento\u00a0entre los equipos de Grupo Pachuca se definir\u00e1 el domingo, tambi\u00e9n a las 20:06 horas, en el Estadio Hidalgo.<\/p>\n<p>Para llegar a esta instancia,\u00a0Le\u00f3n super\u00f3 a <em>Monarcas<\/em> Moner\u00eda, mientras que\u00a0Pachuca dio cuenta de\u00a0Santos Laguna.<\/p>\n","protected":false},"excerpt":{"rendered":"<p>El proemio mi\u00e9rcoles se retomar\u00e1 la actividad de la liguilla<\/p>\n","protected":false},"author":20,"featured_media":397266,"comment_status":"closed","ping_status":"closed","sticky":false,"template":"","format":"standard","meta":[],"categories":[5,2198,3845],"tags":[6458,1046],"_links":{"self":[{"href":"http:\/\/desarrollo.grupomedios.com\/futbol\/wp-json\/wp\/v2\/posts\/397260"}],"collection":[{"href":"http:\/\/desarrollo.grupomedios.com\/futbol\/wp-json\/wp\/v2\/posts"}],"about":[{"href":"http:\/\/desarrollo.grupomedios.com\/futbol\/wp-json\/wp\/v2\/types\/post"}],"author":[{"embeddable":true,"href":"http:\/\/desarrollo.grupomedios.com\/futbol\/wp-json\/wp\/v2\/users\/20"}],"replies":[{"embeddable":true,"href":"http:\/\/desarrollo.grupomedios.com\/futbol\/wp-json\/wp\/v2\/comments?post=397260"}],"version-history":[{"count":0,"href":"http:\/\/desarrollo.grupomedios.com\/futbol\/wp-json\/wp\/v2\/posts\/397260\/revisions"}],"wp:featuredmedia":[{"embeddable":true,"href":"http:\/\/desarrollo.grupomedios.com\/futbol\/wp-json\/wp\/v2\/media\/397266"}],"wp:attachment":[{"href":"http:\/\/desarrollo.grupomedios.com\/futbol\/wp-json\/wp\/v2\/media?parent=397260"}],"wp:term":[{"taxonomy":"category","embeddable":true,"href":"http:\/\/desarrollo.grupomedios.com\/futbol\/wp-json\/wp\/v2\/categories?post=397260"},{"taxonomy":"post_tag","embeddable":true,"href":"http:\/\/desarrollo.grupomedios.com\/futbol\/wp-json\/wp\/v2\/tags?post=397260"}],"curies":[{"name":"wp","href":"https:\/\/api.w.org\/{rel}","templated":true}]}}