{"id":397274,"date":"2016-05-16T12:36:41","date_gmt":"2016-05-16T18:36:41","guid":{"rendered":"http:\/\/www.futboltotal.com.mx\/?p=397274"},"modified":"2016-05-16T15:29:15","modified_gmt":"2016-05-16T21:29:15","slug":"las-emociones-los-cuartos-final-del-clausura-2016","status":"publish","type":"post","link":"http:\/\/desarrollo.grupomedios.com\/futbol\/videos\/las-emociones-los-cuartos-final-del-clausura-2016\/2016\/05","title":{"rendered":"Las EMOCIONES de\u2026 \u00a1los Cuartos de Final!"},"content":{"rendered":"<p>Los <a href=\"http:\/\/www.futboltotal.com.mx\/resultados\/resultados-liga-mx\/\" target=\"_blank\">Cuartos de Final\u00a0del\u00a0<strong>Clausura 2016<\/strong><\/a>\u00a0nos regalaron grandes\u00a0<strong>EMOCIONES<\/strong>. Partidazos\u00a0y buenos\u00a0goles\u2026 En suma, todo se conjug\u00f3 para vivir cuatro electrizantes series, que dejaron un mont\u00f3n de cosas para re\u00edr, analizar y, sobre todo, para conversar sobre lo que depara el cierre del torneo con miras a la liguilla.<\/p>\n<p>Y en\u00a0<strong>Futbol Total<\/strong>\u00a0no lo pasamos desapercibido, por ello te presentamos las EMOCIONES de los\u00a0<a href=\"http:\/\/www.futboltotal.com.mx\/futbol-mexicano\/\">Cuartos de Final del<\/a><strong><a href=\"http:\/\/www.futboltotal.com.mx\/futbol-mexicano\/\"> Clausura 2016<\/a><\/strong>, un recuento de las sensaciones.<\/p>\n<p>[video_player]https:\/\/player.vimeo.com\/external\/166847959.hd.mp4?s=54c339b3710a81a35d6f14b584548e38f103e701&amp;profile_id=174[\/video_player]<\/p>\n","protected":false},"excerpt":{"rendered":"<p>Diversidad de emociones nos regal\u00f3 la primera fase de la liguilla<\/p>\n","protected":false},"author":20,"featured_media":397290,"comment_status":"closed","ping_status":"closed","sticky":false,"template":"","format":"standard","meta":[],"categories":[2198,3845,4],"tags":[6458,7055],"_links":{"self":[{"href":"http:\/\/desarrollo.grupomedios.com\/futbol\/wp-json\/wp\/v2\/posts\/397274"}],"collection":[{"href":"http:\/\/desarrollo.grupomedios.com\/futbol\/wp-json\/wp\/v2\/posts"}],"about":[{"href":"http:\/\/desarrollo.grupomedios.com\/futbol\/wp-json\/wp\/v2\/types\/post"}],"author":[{"embeddable":true,"href":"http:\/\/desarrollo.grupomedios.com\/futbol\/wp-json\/wp\/v2\/users\/20"}],"replies":[{"embeddable":true,"href":"http:\/\/desarrollo.grupomedios.com\/futbol\/wp-json\/wp\/v2\/comments?post=397274"}],"version-history":[{"count":0,"href":"http:\/\/desarrollo.grupomedios.com\/futbol\/wp-json\/wp\/v2\/posts\/397274\/revisions"}],"wp:featuredmedia":[{"embeddable":true,"href":"http:\/\/desarrollo.grupomedios.com\/futbol\/wp-json\/wp\/v2\/media\/397290"}],"wp:attachment":[{"href":"http:\/\/desarrollo.grupomedios.com\/futbol\/wp-json\/wp\/v2\/media?parent=397274"}],"wp:term":[{"taxonomy":"category","embeddable":true,"href":"http:\/\/desarrollo.grupomedios.com\/futbol\/wp-json\/wp\/v2\/categories?post=397274"},{"taxonomy":"post_tag","embeddable":true,"href":"http:\/\/desarrollo.grupomedios.com\/futbol\/wp-json\/wp\/v2\/tags?post=397274"}],"curies":[{"name":"wp","href":"https:\/\/api.w.org\/{rel}","templated":true}]}}