{"id":397351,"date":"2016-05-16T16:29:58","date_gmt":"2016-05-16T22:29:58","guid":{"rendered":"http:\/\/www.futboltotal.com.mx\/?p=397351"},"modified":"2016-05-16T16:31:40","modified_gmt":"2016-05-16T22:31:40","slug":"herrera-y-layun-en-equipo-de-ensueno-del-fifa-16","status":"publish","type":"post","link":"http:\/\/desarrollo.grupomedios.com\/futbol\/cambio-de-juego\/herrera-y-layun-en-equipo-de-ensueno-del-fifa-16\/2016\/05","title":{"rendered":"Herrera y Lay\u00fan, en equipo de ensue\u00f1o del FIFA 16"},"content":{"rendered":"<p>Fue un gran a\u00f1o para <strong>H\u00e9ctor Herrera y Miguel Lay\u00fan<\/strong> con el FC Porto en el balompi\u00e9 de Portugal. Aunque se quedaron en el camino de coronarse por primera vez campeones de liga en Europa, a nivel personal tuvieron un mete\u00f3rico rendimiento que los coloc\u00f3 en el el Equipo de la Temporada del FIFA 2015-16.<\/p>\n<p><strong>Herrera<\/strong> y <strong>Miguel Lay\u00fan<\/strong> integran el elenco de los 23 mejores jugadores de la Liga NOS. La firma <em>EA Sports<\/em> no pas\u00f3 desaperdibido el hecho de que Herrera viviera su a\u00f1o m\u00e1s goleador y fuese el centrocampista <em>romperredes<\/em> de los <em>Dragones<\/em>, como tampoco a Miguel Lay\u00fan , el defensa m\u00e1s goleador y el mejor asistidor del campeonato junto al argentino Nico Gait\u00e1n.<\/p>\n<p style=\"text-align: center;\"><span style=\"color: #3366ff;\"><a style=\"color: #3366ff;\" href=\"http:\/\/www.futboltotal.com.mx\/futbol-internacional\/mexicanos-en-europa\/\"><strong>LEER M\u00c1S: Todas las noticias de mexicanos en Europa<\/strong> <\/a><\/span><\/p>\n<p><a href=\"http:\/\/www.futboltotal.com.mx\/wp-content\/uploads\/2016\/05\/FIFA.jpg\" rel=\"attachment wp-att-397353\"><img decoding=\"async\" loading=\"lazy\" class=\"alignnone size-full wp-image-397353\" src=\"http:\/\/www.futboltotal.com.mx\/wp-content\/uploads\/2016\/05\/FIFA.jpg\" alt=\"FIFA\" srcset=\"http:\/\/desarrollo.grupomedios.com\/futbol\/wp-content\/uploads\/2016\/05\/FIFA.jpg 600w, http:\/\/desarrollo.grupomedios.com\/futbol\/wp-content\/uploads\/2016\/05\/FIFA-300x169.jpg 300w\" sizes=\"(max-width: 600px) 100vw, 600px\" \/><\/a><\/p>\n","protected":false},"excerpt":{"rendered":"<p>El par de mexicanos la rompi\u00f3 en la temporada 2016 con Porto<\/p>\n","protected":false},"author":20,"featured_media":397358,"comment_status":"closed","ping_status":"closed","sticky":false,"template":"","format":"standard","meta":[],"categories":[5419],"tags":[5995,1035],"_links":{"self":[{"href":"http:\/\/desarrollo.grupomedios.com\/futbol\/wp-json\/wp\/v2\/posts\/397351"}],"collection":[{"href":"http:\/\/desarrollo.grupomedios.com\/futbol\/wp-json\/wp\/v2\/posts"}],"about":[{"href":"http:\/\/desarrollo.grupomedios.com\/futbol\/wp-json\/wp\/v2\/types\/post"}],"author":[{"embeddable":true,"href":"http:\/\/desarrollo.grupomedios.com\/futbol\/wp-json\/wp\/v2\/users\/20"}],"replies":[{"embeddable":true,"href":"http:\/\/desarrollo.grupomedios.com\/futbol\/wp-json\/wp\/v2\/comments?post=397351"}],"version-history":[{"count":0,"href":"http:\/\/desarrollo.grupomedios.com\/futbol\/wp-json\/wp\/v2\/posts\/397351\/revisions"}],"wp:featuredmedia":[{"embeddable":true,"href":"http:\/\/desarrollo.grupomedios.com\/futbol\/wp-json\/wp\/v2\/media\/397358"}],"wp:attachment":[{"href":"http:\/\/desarrollo.grupomedios.com\/futbol\/wp-json\/wp\/v2\/media?parent=397351"}],"wp:term":[{"taxonomy":"category","embeddable":true,"href":"http:\/\/desarrollo.grupomedios.com\/futbol\/wp-json\/wp\/v2\/categories?post=397351"},{"taxonomy":"post_tag","embeddable":true,"href":"http:\/\/desarrollo.grupomedios.com\/futbol\/wp-json\/wp\/v2\/tags?post=397351"}],"curies":[{"name":"wp","href":"https:\/\/api.w.org\/{rel}","templated":true}]}}