{"id":397405,"date":"2016-05-16T20:04:07","date_gmt":"2016-05-17T02:04:07","guid":{"rendered":"http:\/\/www.futboltotal.com.mx\/?p=397405"},"modified":"2016-05-16T20:04:07","modified_gmt":"2016-05-17T02:04:07","slug":"marchesin-evita-quirofano","status":"publish","type":"post","link":"http:\/\/desarrollo.grupomedios.com\/futbol\/futbol-mexicano\/marchesin-evita-quirofano\/2016\/05","title":{"rendered":"Marches\u00edn evita el quir\u00f3fano"},"content":{"rendered":"<p>El portero argentino de Santos Laguna, <strong>Agust\u00edn Marches\u00edn<\/strong> finalmente no ser\u00e1 sometido a cirug\u00eda como se tem\u00eda, toda vez que la lesi\u00f3n que sufri\u00f3 en el hombro izquierdo no es de gravedad.<\/p>\n<p>En un comunicado emitido por la directiva del cuadro lagunero, se especifica que los resultados que le practicaron al jugador del cuadro lagunero en San Antonio, Texas, arrojaron que el problema no era grave y se evit\u00f3 la operaci\u00f3n.<\/p>\n<p style=\"text-align: center;\"><strong><a href=\"http:\/\/www.futboltotal.com.mx\/2016\/05\/marchesin-jugara-contra-pachuca\/\">LEER M\u00c1S: Marches\u00edn, en la \u00f3rbita de River Plate<\/a>\u00a0<\/strong><\/p>\n<blockquote class=\"twitter-tweet\" data-lang=\"es\">\n<p dir=\"ltr\" lang=\"es\">Aqu\u00ed el reporte de la lesi\u00f3n de <a href=\"https:\/\/twitter.com\/hashtag\/Agust%C3%ADnMarches%C3%ADn?src=hash\">#Agust\u00ednMarches\u00edn<\/a> quien est\u00e1 regresando de ser valorado en EU <a href=\"https:\/\/twitter.com\/hashtag\/HayUnSantoEnMi?src=hash\">#HayUnSantoEnMi<\/a> <a href=\"https:\/\/t.co\/Ww06d4lKGV\">pic.twitter.com\/Ww06d4lKGV<\/a><\/p>\n<p>\u2014 ClubSantosLaguna (@ClubSantos) <a href=\"https:\/\/twitter.com\/ClubSantos\/status\/732360049956265984\">17 de mayo de 2016<\/a><\/p><\/blockquote>\n<p><script src=\"\/\/platform.twitter.com\/widgets.js\" async=\"\" charset=\"utf-8\"><\/script><br \/>\n\u201cTras los estudios m\u00e9dicos realizados a Agust\u00edn Marches\u00edn y las evaluaciones de los M\u00e9dicos especialistas Anil Dutta y Charles Rockwood en San Antonio, Texas, se determin\u00f3 el diagn\u00f3stico de Subluxaci\u00f3n Acromio-Clavicular del Hombro Izquierdo Grado 2-3, lesi\u00f3n que no requiere cirug\u00eda.<\/p>\n<p>El tratamiento consistir\u00e1 en terapia f\u00edsica, que incluye el fortalecimiento de todos los m\u00fasculos del hombro, y se espera que para el 15 de junio, el guardameta santista pueda ya trabajar de forma normal, destaca el comunicado.<\/p>\n<p>Cabe recordar que el arquero argentino se lesion\u00f3 al minuto 41 del partido de ida por los cuartos de final de la liguilla del Torneo Clausura 2016 de la Liga MX ante <em>Tuzos<\/em>\u00a0de Pachuca del jueves pasado, por lo que tuvo que abandonar el partido.<\/p>\n","protected":false},"excerpt":{"rendered":"<p>El arquero de Santos tendr\u00e1 que someterse a un mes de rehabilitaci\u00f3n<\/p>\n","protected":false},"author":20,"featured_media":397406,"comment_status":"closed","ping_status":"closed","sticky":false,"template":"","format":"standard","meta":[],"categories":[2198,3845,5950],"tags":[6118,174],"_links":{"self":[{"href":"http:\/\/desarrollo.grupomedios.com\/futbol\/wp-json\/wp\/v2\/posts\/397405"}],"collection":[{"href":"http:\/\/desarrollo.grupomedios.com\/futbol\/wp-json\/wp\/v2\/posts"}],"about":[{"href":"http:\/\/desarrollo.grupomedios.com\/futbol\/wp-json\/wp\/v2\/types\/post"}],"author":[{"embeddable":true,"href":"http:\/\/desarrollo.grupomedios.com\/futbol\/wp-json\/wp\/v2\/users\/20"}],"replies":[{"embeddable":true,"href":"http:\/\/desarrollo.grupomedios.com\/futbol\/wp-json\/wp\/v2\/comments?post=397405"}],"version-history":[{"count":0,"href":"http:\/\/desarrollo.grupomedios.com\/futbol\/wp-json\/wp\/v2\/posts\/397405\/revisions"}],"wp:featuredmedia":[{"embeddable":true,"href":"http:\/\/desarrollo.grupomedios.com\/futbol\/wp-json\/wp\/v2\/media\/397406"}],"wp:attachment":[{"href":"http:\/\/desarrollo.grupomedios.com\/futbol\/wp-json\/wp\/v2\/media?parent=397405"}],"wp:term":[{"taxonomy":"category","embeddable":true,"href":"http:\/\/desarrollo.grupomedios.com\/futbol\/wp-json\/wp\/v2\/categories?post=397405"},{"taxonomy":"post_tag","embeddable":true,"href":"http:\/\/desarrollo.grupomedios.com\/futbol\/wp-json\/wp\/v2\/tags?post=397405"}],"curies":[{"name":"wp","href":"https:\/\/api.w.org\/{rel}","templated":true}]}}