{"id":397419,"date":"2016-05-17T08:21:05","date_gmt":"2016-05-17T14:21:05","guid":{"rendered":"http:\/\/www.futboltotal.com.mx\/?p=397419"},"modified":"2016-05-17T08:21:05","modified_gmt":"2016-05-17T14:21:05","slug":"christian-martinoli-huye-mexico-inseguridad","status":"publish","type":"post","link":"http:\/\/desarrollo.grupomedios.com\/futbol\/cambio-de-juego\/christian-martinoli-huye-mexico-inseguridad\/2016\/05","title":{"rendered":"\u00a1\u00bfMartinoli escapa de M\u00e9xico por inseguridad?!"},"content":{"rendered":"<p>El comentarista deportivo, <strong>Christian Martinoli<\/strong>, est\u00e1 decidido a abandonar M\u00e9xico, debido a los problemas de inseguridad que hay en el pa\u00eds, pero en particular, por haber presenciado un crimen cerca de su hogar.<\/p>\n<p>De acuerdo a informaci\u00f3n del diario <em>El Universal<\/em>, <strong>Christian Martinoli<\/strong> sali\u00f3 a pasear con sus hijas hace algunos d\u00edas, y al regresar, fue testigo de un homicidio, que ocurr\u00eda justo en la parte baja del edificio donde vive, situaci\u00f3n que lo oblig\u00f3 a tomar una decisi\u00f3n radical, en beneficio de su integridad y la de su familia.<\/p>\n<p style=\"text-align: center;\"><span style=\"color: #3366ff;\"><strong><a style=\"color: #3366ff;\" href=\"http:\/\/www.futboltotal.com.mx\/2016\/05\/fidel-kuri-sufre-accidente-automovilistico\/\" target=\"_blank\">LEER M\u00c1S: Due\u00f1o del Veracruz, sufre accidente automovil\u00edstico<\/a><\/strong><\/span><\/p>\n<p>El comentarista de TV Azteca se ir\u00e1 a vivir a Houston, Texas y s\u00f3lo visitar\u00e1 M\u00e9xico cuando tenga que narrar alg\u00fan partido de la Liga MX o de la <a href=\"http:\/\/www.futboltotal.com.mx\/futbol-mexicano\/seleccion-mexicana\/\" target=\"_blank\">Selecci\u00f3n Mexicana<\/a>, o cuando una situaci\u00f3n laboral, lo obligue a regresar.<\/p>\n","protected":false},"excerpt":{"rendered":"<p>El comentarista habr\u00eda presenciado un homicidio<\/p>\n","protected":false},"author":20,"featured_media":397420,"comment_status":"closed","ping_status":"closed","sticky":false,"template":"","format":"standard","meta":[],"categories":[5419],"tags":[5460,5849],"_links":{"self":[{"href":"http:\/\/desarrollo.grupomedios.com\/futbol\/wp-json\/wp\/v2\/posts\/397419"}],"collection":[{"href":"http:\/\/desarrollo.grupomedios.com\/futbol\/wp-json\/wp\/v2\/posts"}],"about":[{"href":"http:\/\/desarrollo.grupomedios.com\/futbol\/wp-json\/wp\/v2\/types\/post"}],"author":[{"embeddable":true,"href":"http:\/\/desarrollo.grupomedios.com\/futbol\/wp-json\/wp\/v2\/users\/20"}],"replies":[{"embeddable":true,"href":"http:\/\/desarrollo.grupomedios.com\/futbol\/wp-json\/wp\/v2\/comments?post=397419"}],"version-history":[{"count":0,"href":"http:\/\/desarrollo.grupomedios.com\/futbol\/wp-json\/wp\/v2\/posts\/397419\/revisions"}],"wp:featuredmedia":[{"embeddable":true,"href":"http:\/\/desarrollo.grupomedios.com\/futbol\/wp-json\/wp\/v2\/media\/397420"}],"wp:attachment":[{"href":"http:\/\/desarrollo.grupomedios.com\/futbol\/wp-json\/wp\/v2\/media?parent=397419"}],"wp:term":[{"taxonomy":"category","embeddable":true,"href":"http:\/\/desarrollo.grupomedios.com\/futbol\/wp-json\/wp\/v2\/categories?post=397419"},{"taxonomy":"post_tag","embeddable":true,"href":"http:\/\/desarrollo.grupomedios.com\/futbol\/wp-json\/wp\/v2\/tags?post=397419"}],"curies":[{"name":"wp","href":"https:\/\/api.w.org\/{rel}","templated":true}]}}