{"id":397426,"date":"2016-05-17T08:59:46","date_gmt":"2016-05-17T14:59:46","guid":{"rendered":"http:\/\/www.futboltotal.com.mx\/?p=397426"},"modified":"2016-05-17T08:59:46","modified_gmt":"2016-05-17T14:59:46","slug":"carlos-vela-acude-al-thunder-vs-warriors-la-nba","status":"publish","type":"post","link":"http:\/\/desarrollo.grupomedios.com\/futbol\/no-todo-es-futbol\/carlos-vela-acude-al-thunder-vs-warriors-la-nba\/2016\/05","title":{"rendered":"\u00a1Carlos Vela disfruta de la NBA!"},"content":{"rendered":"<p>El delantero de la Real Sociedad, <strong>Carlos Vela<\/strong>, acudi\u00f3 al juego de la <strong>NBA<\/strong>, entre el Thunder de Oklahoma y los Golden State Warriors de Oakland, donde no dud\u00f3 en tomarse una fotograf\u00eda con el mediocampista espa\u00f1ol, Illarramendi, quien lo acompa\u00f1\u00f3 al juego.<\/p>\n<p><strong>Carlos Vela<\/strong> y la Real Sociedad, terminaron su actividad en la Liga BBVA, donde culminaron en la novena posici\u00f3n de la competencia, al sumar 48 puntos. Por eso este lunes 16 de mayo, acudieron al juego de la <strong>NBA<\/strong>, que termin\u00f3 con marcador de 108 a 102, a favor del Thunder.<\/p>\n<p>El <em>Bombardero<\/em> comparti\u00f3 dos im\u00e1genes del juego de la <strong>NBA<\/strong> al que acudi\u00f3, donde apoyaba a Golden State\u00a0Warriors. <strong>Carlos Vela<\/strong> es un fan\u00e1tico del baloncesto norteamericano, una disciplina que inclusive, le genera m\u00e1s pasi\u00f3n que el futbol.<\/p>\n<p style=\"text-align: center;\"><span style=\"color: #3366ff;\"><strong><a style=\"color: #3366ff;\" href=\"http:\/\/www.futboltotal.com.mx\/2016\/05\/christian-martinoli-huye-mexico-inseguridad\/\" target=\"_blank\">LEER M\u00c1S: Christian Martinoli abandona M\u00e9xico, por inseguridad<\/a><\/strong><\/span><\/p>\n<blockquote class=\"instagram-media\" style=\"background: #FFF; border: 0; border-radius: 3px; box-shadow: 0 0 1px 0 rgba(0,0,0,0.5),0 1px 10px 0 rgba(0,0,0,0.15); margin: 1px; max-width: 658px; padding: 0; width: calc(100% - 2px);\" data-instgrm-captioned=\"\" data-instgrm-version=\"7\">\n<div style=\"padding: 8px;\">\n<div style=\"background: #F8F8F8; line-height: 0; margin-top: 40px; padding: 50.0% 0; text-align: center; width: 100%;\"><\/div>\n<p style=\"margin: 8px 0 0 0; padding: 0 4px;\"><a style=\"color: #000; font-family: Arial,sans-serif; font-size: 14px; font-style: normal; font-weight: normal; line-height: 17px; text-decoration: none; word-wrap: break-word;\" href=\"https:\/\/www.instagram.com\/p\/BFfcv16FDub\/\" target=\"_blank\">With my bro \u270c?\ufe0f\u270c?<\/a><\/p>\n<p style=\"color: #c9c8cd; font-family: Arial,sans-serif; font-size: 14px; line-height: 17px; margin-bottom: 0; margin-top: 8px; overflow: hidden; padding: 8px 0 7px; text-align: center; text-overflow: ellipsis; white-space: nowrap;\">A photo posted by Carlos Vela (@carlosv11_) on <time style=\"font-family: Arial,sans-serif; font-size: 14px; line-height: 17px;\" datetime=\"2016-05-17T02:20:52+00:00\">May 16, 2016 at 7:20pm PDT<\/time><\/p>\n<\/div>\n<\/blockquote>\n<p><script src=\"\/\/platform.instagram.com\/en_US\/embeds.js\" async=\"\" defer=\"defer\"><\/script><\/p>\n<blockquote class=\"instagram-media\" style=\"background: #FFF; border: 0; border-radius: 3px; box-shadow: 0 0 1px 0 rgba(0,0,0,0.5),0 1px 10px 0 rgba(0,0,0,0.15); margin: 1px; max-width: 658px; padding: 0; width: calc(100% - 2px);\" data-instgrm-captioned=\"\" data-instgrm-version=\"7\">\n<div style=\"padding: 8px;\">\n<div style=\"background: #F8F8F8; line-height: 0; margin-top: 40px; padding: 50.0% 0; text-align: center; width: 100%;\"><\/div>\n<p><a style=\"color: #000; font-family: Arial,sans-serif; font-size: 14px; font-style: normal; font-weight: normal; line-height: 17px; text-decoration: none; word-wrap: break-word;\" href=\"https:\/\/www.instagram.com\/p\/BFfSc9clDpd\/\" target=\"_blank\">Watching NBA ???? ??<\/a><\/p>\n<p>A photo posted by Carlos Vela (@carlosv11_) on <time style=\"font-family: Arial,sans-serif; font-size: 14px; line-height: 17px;\" datetime=\"2016-05-17T00:50:55+00:00\">May 16, 2016 at 5:50pm PDT<\/time>\n<\/div>\n<\/blockquote>\n<p><script src=\"\/\/platform.instagram.com\/en_US\/embeds.js\" async=\"\" defer=\"defer\"><\/script><\/p>\n","protected":false},"excerpt":{"rendered":"<p>El delantero mexicano acudi\u00f3 a juego de baloncesto<\/p>\n","protected":false},"author":20,"featured_media":397427,"comment_status":"closed","ping_status":"closed","sticky":false,"template":"","format":"standard","meta":[],"categories":[5814,5419,5418,6411],"tags":[6048,3763,5771],"_links":{"self":[{"href":"http:\/\/desarrollo.grupomedios.com\/futbol\/wp-json\/wp\/v2\/posts\/397426"}],"collection":[{"href":"http:\/\/desarrollo.grupomedios.com\/futbol\/wp-json\/wp\/v2\/posts"}],"about":[{"href":"http:\/\/desarrollo.grupomedios.com\/futbol\/wp-json\/wp\/v2\/types\/post"}],"author":[{"embeddable":true,"href":"http:\/\/desarrollo.grupomedios.com\/futbol\/wp-json\/wp\/v2\/users\/20"}],"replies":[{"embeddable":true,"href":"http:\/\/desarrollo.grupomedios.com\/futbol\/wp-json\/wp\/v2\/comments?post=397426"}],"version-history":[{"count":0,"href":"http:\/\/desarrollo.grupomedios.com\/futbol\/wp-json\/wp\/v2\/posts\/397426\/revisions"}],"wp:featuredmedia":[{"embeddable":true,"href":"http:\/\/desarrollo.grupomedios.com\/futbol\/wp-json\/wp\/v2\/media\/397427"}],"wp:attachment":[{"href":"http:\/\/desarrollo.grupomedios.com\/futbol\/wp-json\/wp\/v2\/media?parent=397426"}],"wp:term":[{"taxonomy":"category","embeddable":true,"href":"http:\/\/desarrollo.grupomedios.com\/futbol\/wp-json\/wp\/v2\/categories?post=397426"},{"taxonomy":"post_tag","embeddable":true,"href":"http:\/\/desarrollo.grupomedios.com\/futbol\/wp-json\/wp\/v2\/tags?post=397426"}],"curies":[{"name":"wp","href":"https:\/\/api.w.org\/{rel}","templated":true}]}}