{"id":397493,"date":"2016-05-17T12:41:35","date_gmt":"2016-05-17T18:41:35","guid":{"rendered":"http:\/\/www.futboltotal.com.mx\/?p=397493"},"modified":"2016-05-17T12:45:12","modified_gmt":"2016-05-17T18:45:12","slug":"claudio-ranieri-mejor-tecnico-la-premier","status":"publish","type":"post","link":"http:\/\/desarrollo.grupomedios.com\/futbol\/futbol-internacional\/claudio-ranieri-mejor-tecnico-la-premier\/2016\/05","title":{"rendered":"Claudio Ranieri, el mejor t\u00e9cnico de la Premier"},"content":{"rendered":"<p>El t\u00e9cnico del <strong>Leicester City<\/strong> <strong>Claudio Ranieri<\/strong>, ha sido nombrado como el mejor entrenador de la <strong>Premier League<\/strong> de la temporada 2015-16.<\/p>\n<p>El entrenador de los\u00a0<em>Foxes\u00a0<\/em>lleg\u00f3 para la reci\u00e9n finalizada temporada 2015-16 con el objetivo de mantener al equipo en la Primera Divisi\u00f3n inglesa, pero termin\u00f3 por llevarse el t\u00edtulo, lo que le vali\u00f3 el distintivo por parte del Sindicato de Entrenadores en Inglaterra (LMA por sus siglas en ingl\u00e9s).<\/p>\n<p>&#8220;El logro del <strong>Leicester<\/strong> fue posible gracias al conocimiento t\u00e1ctico y t\u00e9cnico de <strong>Claudio<\/strong> y de su Cuerpo T\u00e9cnico. Su pasi\u00f3n por el futbol, humildad y carisma se ha apoyado a la hora de dirigir a un equipo incre\u00edble a la hora de dirigir a un equipo al m\u00e1s alto nivel&#8221;, declar\u00f3 Richard Bevan, director ejectuvio de la LMA.<\/p>\n<blockquote class=\"twitter-tweet\" data-lang=\"es\">\n<p dir=\"ltr\" lang=\"en\">The Barclays Premier League Manager of the Year is Claudio Ranieri. <a href=\"https:\/\/twitter.com\/hashtag\/LMAawards?src=hash\">#LMAawards<\/a> <a href=\"https:\/\/twitter.com\/LCFC\">@LCFC<\/a> <a href=\"https:\/\/twitter.com\/premierleague\">@premierleague<\/a> <a href=\"https:\/\/t.co\/ait4mLMLqz\">pic.twitter.com\/ait4mLMLqz<\/a><\/p>\n<p>\u2014 LMA (@LMA_Managers) <a href=\"https:\/\/twitter.com\/LMA_Managers\/status\/732332219306512388\">16 de mayo de 2016<\/a><\/p><\/blockquote>\n<p><script src=\"\/\/platform.twitter.com\/widgets.js\" async=\"\" charset=\"utf-8\"><\/script><\/p>\n<p><strong>Ranieri<\/strong>, de 64 a\u00f1os, se convierte en el segundo entrenador no brit\u00e1nico que consigue el galard\u00f3n, pues el franc\u00e9s Arsene Wenger lo gan\u00f3 con el Arsenal en 2002 y 2004.<\/p>\n<p>&#8220;Es un justo vencedor y un autentico caballero en este deporte&#8221;, apunt\u00f3 Bevan.<\/p>\n<p style=\"text-align: center;\"><span style=\"color: #3366ff;\">LEER M\u00c1S:\u00a0<a style=\"color: #3366ff;\" href=\"http:\/\/www.futboltotal.com.mx\/2016\/05\/increible-celebracion-del-leicester-city\/\">INCRE\u00cdBLE CELEBRACI\u00d3N DEL LEICESTER CITY<\/a><\/span><\/p>\n<p>&#8220;Como jugador nunca fui campe\u00f3n pero siempre jugu\u00e9 con gran coraz\u00f3n. Cuando llegu\u00e9 le dije a mis jugadores que hicieran un futbol t\u00edpicamente ingl\u00e9s y que deber\u00edamos juntar mis conocimientos t\u00e1cticos italianos con su coraz\u00f3n ingl\u00e9s para intentar conseguir algo especial&#8221;, declar\u00f3 <strong>Ranieri<\/strong>.<\/p>\n","protected":false},"excerpt":{"rendered":"<p>El t\u00e9cnico fue galardonado por su campeonato con los Foxes<\/p>\n","protected":false},"author":20,"featured_media":387444,"comment_status":"closed","ping_status":"closed","sticky":false,"template":"","format":"standard","meta":[],"categories":[3839,3846,5951],"tags":[5025,775,334],"_links":{"self":[{"href":"http:\/\/desarrollo.grupomedios.com\/futbol\/wp-json\/wp\/v2\/posts\/397493"}],"collection":[{"href":"http:\/\/desarrollo.grupomedios.com\/futbol\/wp-json\/wp\/v2\/posts"}],"about":[{"href":"http:\/\/desarrollo.grupomedios.com\/futbol\/wp-json\/wp\/v2\/types\/post"}],"author":[{"embeddable":true,"href":"http:\/\/desarrollo.grupomedios.com\/futbol\/wp-json\/wp\/v2\/users\/20"}],"replies":[{"embeddable":true,"href":"http:\/\/desarrollo.grupomedios.com\/futbol\/wp-json\/wp\/v2\/comments?post=397493"}],"version-history":[{"count":0,"href":"http:\/\/desarrollo.grupomedios.com\/futbol\/wp-json\/wp\/v2\/posts\/397493\/revisions"}],"wp:featuredmedia":[{"embeddable":true,"href":"http:\/\/desarrollo.grupomedios.com\/futbol\/wp-json\/wp\/v2\/media\/387444"}],"wp:attachment":[{"href":"http:\/\/desarrollo.grupomedios.com\/futbol\/wp-json\/wp\/v2\/media?parent=397493"}],"wp:term":[{"taxonomy":"category","embeddable":true,"href":"http:\/\/desarrollo.grupomedios.com\/futbol\/wp-json\/wp\/v2\/categories?post=397493"},{"taxonomy":"post_tag","embeddable":true,"href":"http:\/\/desarrollo.grupomedios.com\/futbol\/wp-json\/wp\/v2\/tags?post=397493"}],"curies":[{"name":"wp","href":"https:\/\/api.w.org\/{rel}","templated":true}]}}