{"id":397502,"date":"2016-05-17T12:54:29","date_gmt":"2016-05-17T18:54:29","guid":{"rendered":"http:\/\/www.futboltotal.com.mx\/?p=397502"},"modified":"2016-05-17T12:54:29","modified_gmt":"2016-05-17T18:54:29","slug":"barcelona-recuerda-los-10-anos-la-champions-league-paris-2005-06","status":"publish","type":"post","link":"http:\/\/desarrollo.grupomedios.com\/futbol\/futbol-internacional\/barcelona-recuerda-los-10-anos-la-champions-league-paris-2005-06\/2016\/05","title":{"rendered":"Barcelona recuerda a los h\u00e9roes de Par\u00eds"},"content":{"rendered":"<p>Este 17 de mayo, se cumplen 10 a\u00f1os de la <strong>Champions League<\/strong> que el <strong>Barcelona<\/strong> conquist\u00f3 en Par\u00eds, de la temporada 2015-16, donde Rafael M\u00e1rquez tambi\u00e9n gan\u00f3 su primera orejona. Y por la conmemoraci\u00f3n de ese logro, la escuadra <em>blaugrana<\/em> comparti\u00f3 dichosa algunas im\u00e1genes de aquel d\u00eda.<\/p>\n<blockquote class=\"twitter-tweet\" data-lang=\"es\">\n<p dir=\"ltr\" lang=\"es\"><a href=\"https:\/\/twitter.com\/hashtag\/Paris2006?src=hash\">#Paris2006<\/a> Aqu\u00ed est\u00e1! Esta ser\u00e1 la alineaci\u00f3n para esta noche \u00a1For\u00e7a Bar\u00e7a! <a href=\"https:\/\/t.co\/22PkTxYsxM\">pic.twitter.com\/22PkTxYsxM<\/a><\/p>\n<p>\u2014 FC Barcelona (@FCBarcelona_es) <a href=\"https:\/\/twitter.com\/FCBarcelona_es\/status\/732634375196712964\">17 de mayo de 2016<\/a><\/p><\/blockquote>\n<p><script src=\"\/\/platform.twitter.com\/widgets.js\" async=\"\" charset=\"utf-8\"><\/script><\/p>\n<p><strong>Barcelona<\/strong> se impuso aquella noche ante Arsenal, en el Stade de France, por 2-1, luego de estar abajo en el marcador; Sol Campbell marc\u00f3 el gol de los ingleses, mientras que Juliano Belletti y Samuel Eto&#8217;o anotaron por los <em>cul\u00e9s<\/em>. Por eso, 10 a\u00f1os despu\u00e9s, Barcelona y sus ex futbolistas recuerdan el dichoso momento.<\/p>\n<blockquote class=\"twitter-tweet\" data-lang=\"es\"><p>\n? Hace 10 a\u00f1os, Ronaldinho y Belletti levantaban la Champions. Lo recuerdan as\u00ed: <a href=\"https:\/\/t.co\/Dh7t3JI0Oo\">https:\/\/t.co\/Dh7t3JI0Oo<\/a> <a href=\"https:\/\/twitter.com\/hashtag\/Paris2006?src=hash\">#Paris2006<\/a> <a href=\"https:\/\/t.co\/DXwkcx3kxE\">pic.twitter.com\/DXwkcx3kxE<\/a><\/p>\n<p>\u2014 FC Barcelona (@FCBarcelona_es) <a href=\"https:\/\/twitter.com\/FCBarcelona_es\/status\/732566397151248388\">17 de mayo de 2016<\/a>\n<\/p><\/blockquote>\n<p><script src=\"\/\/platform.twitter.com\/widgets.js\" async=\"\" charset=\"utf-8\"><\/script><\/p>\n<blockquote class=\"twitter-tweet\" data-lang=\"es\">\n<p dir=\"ltr\" lang=\"es\">Hoy hace 10 a\u00f1os en 1 de los momentos m\u00e1s especiales de mi carrera; ganar por 1a vez la <a href=\"https:\/\/twitter.com\/hashtag\/Champions?src=hash\">#Champions<\/a> ? <a href=\"https:\/\/twitter.com\/hashtag\/4ctitud?src=hash\">#4ctitud<\/a> <a href=\"https:\/\/t.co\/NvG9jiIhhA\">pic.twitter.com\/NvG9jiIhhA<\/a><\/p>\n<p>\u2014 Rafa Marquez (@RafaMarquezMX) <a href=\"https:\/\/twitter.com\/RafaMarquezMX\/status\/732601937577676800\">17 de mayo de 2016<\/a><\/p><\/blockquote>\n<p><script src=\"\/\/platform.twitter.com\/widgets.js\" async=\"\" charset=\"utf-8\"><\/script><\/p>\n<p>Adem\u00e1s, para recordar a los hombres que le dieron a <strong>Barcelona<\/strong> la segunda <strong>Champions League<\/strong> de su historia, el club comparti\u00f3 qu\u00e9 es lo que han hecho cada uno de los h\u00e9roes de aquella noche en Par\u00eds.<\/p>\n<p><script src=\"\/\/cdn.playbuzz.com\/widget\/feed.js\" type=\"text\/javascript\"><\/script><\/p>\n<div class=\"pb_feed\" data-embed-by=\"d43f3879-83ed-40bc-99d7-fde80605466f\" data-game=\"\/fcbarcelona10\/qu-ha-sido-de-los-h-roes-de-par-s\" data-recommend=\"false\" data-game-info=\"false\" data-comments=\"false\"><\/div>\n","protected":false},"excerpt":{"rendered":"<p>La escuadra cul\u00e9 recuerda el t\u00edtulo de Champions de hace 10 a\u00f1os<\/p>\n","protected":false},"author":20,"featured_media":397503,"comment_status":"closed","ping_status":"closed","sticky":false,"template":"","format":"standard","meta":[],"categories":[3841,3839,5951],"tags":[5984,36,6033,5997],"_links":{"self":[{"href":"http:\/\/desarrollo.grupomedios.com\/futbol\/wp-json\/wp\/v2\/posts\/397502"}],"collection":[{"href":"http:\/\/desarrollo.grupomedios.com\/futbol\/wp-json\/wp\/v2\/posts"}],"about":[{"href":"http:\/\/desarrollo.grupomedios.com\/futbol\/wp-json\/wp\/v2\/types\/post"}],"author":[{"embeddable":true,"href":"http:\/\/desarrollo.grupomedios.com\/futbol\/wp-json\/wp\/v2\/users\/20"}],"replies":[{"embeddable":true,"href":"http:\/\/desarrollo.grupomedios.com\/futbol\/wp-json\/wp\/v2\/comments?post=397502"}],"version-history":[{"count":0,"href":"http:\/\/desarrollo.grupomedios.com\/futbol\/wp-json\/wp\/v2\/posts\/397502\/revisions"}],"wp:featuredmedia":[{"embeddable":true,"href":"http:\/\/desarrollo.grupomedios.com\/futbol\/wp-json\/wp\/v2\/media\/397503"}],"wp:attachment":[{"href":"http:\/\/desarrollo.grupomedios.com\/futbol\/wp-json\/wp\/v2\/media?parent=397502"}],"wp:term":[{"taxonomy":"category","embeddable":true,"href":"http:\/\/desarrollo.grupomedios.com\/futbol\/wp-json\/wp\/v2\/categories?post=397502"},{"taxonomy":"post_tag","embeddable":true,"href":"http:\/\/desarrollo.grupomedios.com\/futbol\/wp-json\/wp\/v2\/tags?post=397502"}],"curies":[{"name":"wp","href":"https:\/\/api.w.org\/{rel}","templated":true}]}}