{"id":397548,"date":"2016-05-19T10:35:31","date_gmt":"2016-05-19T16:35:31","guid":{"rendered":"http:\/\/www.futboltotal.com.mx\/?p=397548"},"modified":"2016-05-19T10:35:31","modified_gmt":"2016-05-19T16:35:31","slug":"el-talento-no-tiene-edad","status":"publish","type":"post","link":"http:\/\/desarrollo.grupomedios.com\/futbol\/futbol-mexicano\/el-talento-no-tiene-edad\/2016\/05","title":{"rendered":"El talento no tiene edad&#8230;"},"content":{"rendered":"<p><strong>Luis Montes<\/strong>, el experimentado volante de\u00a0los\u00a0<em><span style=\"color: #3366ff;\"><a href=\"http:\/\/www.futboltotal.com.mx\/equipos\/leon\/\" target=\"_blank\">Esmeraldas<\/a><\/span><\/em><span style=\"color: #3366ff;\"><a href=\"http:\/\/www.futboltotal.com.mx\/equipos\/leon\/\" target=\"_blank\"> del <strong>Le\u00f3n<\/strong><\/a><\/span><em>,\u00a0<\/em>ha recuperado su volumen de juego para la parte final del campeonato y ante Morelia (en la serie\u00a0de los Cuartos de Final) dio un partidazo. Tendr\u00e1 enfrente al juvenil y talentoso <strong>Rodolfo Pizarro<\/strong>, de los <a href=\"http:\/\/www.futboltotal.com.mx\/equipos\/pachuca\/\" target=\"_blank\"><span style=\"color: #3366ff;\"><em>Tuzos<\/em> del Pachuca<\/span><\/a>, quien termin\u00f3 como uno de los goleadores de su club\u00a0en el torneo. Ambos son fundamentales en el mediocampo.<\/p>\n<p><a href=\"http:\/\/www.futboltotal.com.mx\/wp-content\/uploads\/2016\/05\/caracaramontespizarro.jpg\" rel=\"attachment wp-att-397954\"><img decoding=\"async\" loading=\"lazy\" class=\"alignnone wp-image-397954 size-full\" src=\"http:\/\/www.futboltotal.com.mx\/wp-content\/uploads\/2016\/05\/caracaramontespizarro.jpg\" alt=\"caracaramontespizarro\" srcset=\"http:\/\/desarrollo.grupomedios.com\/futbol\/wp-content\/uploads\/2016\/05\/caracaramontespizarro.jpg 940w, http:\/\/desarrollo.grupomedios.com\/futbol\/wp-content\/uploads\/2016\/05\/caracaramontespizarro-300x251.jpg 300w, http:\/\/desarrollo.grupomedios.com\/futbol\/wp-content\/uploads\/2016\/05\/caracaramontespizarro-768x644.jpg 768w\" sizes=\"(max-width: 940px) 100vw, 940px\" \/><\/a><\/p>\n<p>El <em>Chapito<\/em>\u00a0<strong>Montes<\/strong> es uno de los h\u00e9roes del <strong>Le\u00f3n<\/strong> en el regreso a la Liga MX para el Apertura 2012. Desde entonces ha enfrentado al <strong>Pachuca<\/strong> en ocho ocasiones y sus resultados no han sido buenos: gan\u00f3 un solo juego, empat\u00f3 cuatro y perdi\u00f3 tres. No les ha marcado gol, pero en la vuelta de la Final del Clausura 2014 puso el servicio que <em>Nacho<\/em> Gonz\u00e1lez remat\u00f3 de cabeza para coronarse campe\u00f3n del torneo y obtener el bicampeonato.<\/p>\n<p style=\"text-align: center;\"><strong><span style=\"color: #3366ff;\"><a style=\"color: #3366ff;\" href=\"http:\/\/www.futboltotal.com.mx\/2016\/05\/los-dt-las-semifinales-marcadas-diferencias\/\" target=\"_blank\">LEER M\u00c1S:\u00a0Los DT de las semifinales\u2026 \u00a1Marcadas diferencias!<\/a><\/span><\/strong><\/p>\n<p>Por su parte, <strong>Rodolfo Pizarro<\/strong> debut\u00f3 en Primera Divisi\u00f3n en el Apertura 2012. Ha enfrentado al <strong>Le\u00f3n<\/strong> en nueve ocasiones con un saldo de cinco triunfos, tres empates y una derrota. El juvenil\u00a0tamaulipeco no ha anotado ni ha puesto pases de gol ante <strong>Pachuca<\/strong>.<\/p>\n","protected":false},"excerpt":{"rendered":"<p>CARA a CARA | \u00bfLa experiencia del Chapito, marcar\u00e1 la diferencia?<\/p>\n","protected":false},"author":127,"featured_media":397956,"comment_status":"closed","ping_status":"closed","sticky":false,"template":"","format":"standard","meta":[],"categories":[2198,3845,5950],"tags":[2958,5965,5968],"_links":{"self":[{"href":"http:\/\/desarrollo.grupomedios.com\/futbol\/wp-json\/wp\/v2\/posts\/397548"}],"collection":[{"href":"http:\/\/desarrollo.grupomedios.com\/futbol\/wp-json\/wp\/v2\/posts"}],"about":[{"href":"http:\/\/desarrollo.grupomedios.com\/futbol\/wp-json\/wp\/v2\/types\/post"}],"author":[{"embeddable":true,"href":"http:\/\/desarrollo.grupomedios.com\/futbol\/wp-json\/wp\/v2\/users\/127"}],"replies":[{"embeddable":true,"href":"http:\/\/desarrollo.grupomedios.com\/futbol\/wp-json\/wp\/v2\/comments?post=397548"}],"version-history":[{"count":0,"href":"http:\/\/desarrollo.grupomedios.com\/futbol\/wp-json\/wp\/v2\/posts\/397548\/revisions"}],"wp:featuredmedia":[{"embeddable":true,"href":"http:\/\/desarrollo.grupomedios.com\/futbol\/wp-json\/wp\/v2\/media\/397956"}],"wp:attachment":[{"href":"http:\/\/desarrollo.grupomedios.com\/futbol\/wp-json\/wp\/v2\/media?parent=397548"}],"wp:term":[{"taxonomy":"category","embeddable":true,"href":"http:\/\/desarrollo.grupomedios.com\/futbol\/wp-json\/wp\/v2\/categories?post=397548"},{"taxonomy":"post_tag","embeddable":true,"href":"http:\/\/desarrollo.grupomedios.com\/futbol\/wp-json\/wp\/v2\/tags?post=397548"}],"curies":[{"name":"wp","href":"https:\/\/api.w.org\/{rel}","templated":true}]}}