{"id":397551,"date":"2016-05-17T15:18:40","date_gmt":"2016-05-17T21:18:40","guid":{"rendered":"http:\/\/www.futboltotal.com.mx\/?p=397551"},"modified":"2016-05-17T15:18:40","modified_gmt":"2016-05-17T21:18:40","slug":"carlos-vela-estaria-en-la-mira-equipo-debutante","status":"publish","type":"post","link":"http:\/\/desarrollo.grupomedios.com\/futbol\/futbol-internacional\/carlos-vela-estaria-en-la-mira-equipo-debutante\/2016\/05","title":{"rendered":"Carlos Vela estar\u00eda en la mira de equipo debutante"},"content":{"rendered":"<p>La relaci\u00f3n entre<strong> Carlos Vela<\/strong> y Real Sociedad est\u00e1 m\u00e1s que fracturada, por eso la salida del delantero es inminente; la \u00fanica duda es d\u00f3nde ir\u00e1 a parar. Entre las diversas opciones que se barajan, sobresale que la Major League Soccer (<strong>MLS<\/strong>) se decanta como su principal paradero, asimismo, pero el <em>Bombardero<\/em> est\u00e1 en la mira de una franquicia nueva: <strong>Los Angeles FC<\/strong>.<\/p>\n<p>De acuerdo con el portal estadounidense, <em>Fanside<\/em>, el club\u00a0incluy\u00f3 al atacante mexicano como candidato para conformar su n\u00f3mina.<\/p>\n<blockquote class=\"instagram-media\" style=\"background: #FFF; border: 0; border-radius: 3px; box-shadow: 0 0 1px 0 rgba(0,0,0,0.5),0 1px 10px 0 rgba(0,0,0,0.15); margin: 1px; max-width: 658px; padding: 0; width: calc(100% - 2px);\" data-instgrm-captioned=\"\" data-instgrm-version=\"7\">\n<div style=\"padding: 8px;\">\n<div style=\"background: #F8F8F8; line-height: 0; margin-top: 40px; padding: 50.0% 0; text-align: center; width: 100%;\"><\/div>\n<p style=\"margin: 8px 0 0 0; padding: 0 4px;\"><a style=\"color: #000; font-family: Arial,sans-serif; font-size: 14px; font-style: normal; font-weight: normal; line-height: 17px; text-decoration: none; word-wrap: break-word;\" href=\"https:\/\/www.instagram.com\/p\/BFfcv16FDub\/\" target=\"_blank\">With my bro \u270c?\ufe0f\u270c?<\/a><\/p>\n<p style=\"color: #c9c8cd; font-family: Arial,sans-serif; font-size: 14px; line-height: 17px; margin-bottom: 0; margin-top: 8px; overflow: hidden; padding: 8px 0 7px; text-align: center; text-overflow: ellipsis; white-space: nowrap;\">A photo posted by Carlos Vela (@carlosv11_) on <time style=\"font-family: Arial,sans-serif; font-size: 14px; line-height: 17px;\" datetime=\"2016-05-17T02:20:52+00:00\">May 16, 2016 at 7:20pm PDT<\/time><\/p>\n<\/div>\n<\/blockquote>\n<p><script src=\"\/\/platform.instagram.com\/en_US\/embeds.js\" async=\"\" defer=\"defer\"><\/script><\/p>\n<p>La \u00fanica desventaja para <strong>Carlos Vela<\/strong>, es que el equipo\u00a0comenzar\u00e1 su participaci\u00f3n hasta 2018, por eso en caso de firmar contrato, tendr\u00e1 que encontrar acomodo en otra escuadra.<\/p>\n<p>En esta temporada, el ofensivo pas\u00f3 de ser \u00eddolo a villano, ya que su rendimiento baj\u00f3, adem\u00e1s que su desempe\u00f1o molest\u00f3 a la afici\u00f3n que incluso exigi\u00f3 su salida.<\/p>\n","protected":false},"excerpt":{"rendered":"<p>El Bombardero se ir\u00eda a la MLS <\/p>\n","protected":false},"author":20,"featured_media":397553,"comment_status":"closed","ping_status":"closed","sticky":false,"template":"","format":"standard","meta":[],"categories":[3839,3844,6718,5951],"tags":[6048,195],"_links":{"self":[{"href":"http:\/\/desarrollo.grupomedios.com\/futbol\/wp-json\/wp\/v2\/posts\/397551"}],"collection":[{"href":"http:\/\/desarrollo.grupomedios.com\/futbol\/wp-json\/wp\/v2\/posts"}],"about":[{"href":"http:\/\/desarrollo.grupomedios.com\/futbol\/wp-json\/wp\/v2\/types\/post"}],"author":[{"embeddable":true,"href":"http:\/\/desarrollo.grupomedios.com\/futbol\/wp-json\/wp\/v2\/users\/20"}],"replies":[{"embeddable":true,"href":"http:\/\/desarrollo.grupomedios.com\/futbol\/wp-json\/wp\/v2\/comments?post=397551"}],"version-history":[{"count":0,"href":"http:\/\/desarrollo.grupomedios.com\/futbol\/wp-json\/wp\/v2\/posts\/397551\/revisions"}],"wp:featuredmedia":[{"embeddable":true,"href":"http:\/\/desarrollo.grupomedios.com\/futbol\/wp-json\/wp\/v2\/media\/397553"}],"wp:attachment":[{"href":"http:\/\/desarrollo.grupomedios.com\/futbol\/wp-json\/wp\/v2\/media?parent=397551"}],"wp:term":[{"taxonomy":"category","embeddable":true,"href":"http:\/\/desarrollo.grupomedios.com\/futbol\/wp-json\/wp\/v2\/categories?post=397551"},{"taxonomy":"post_tag","embeddable":true,"href":"http:\/\/desarrollo.grupomedios.com\/futbol\/wp-json\/wp\/v2\/tags?post=397551"}],"curies":[{"name":"wp","href":"https:\/\/api.w.org\/{rel}","templated":true}]}}