{"id":397622,"date":"2016-05-17T17:13:43","date_gmt":"2016-05-17T23:13:43","guid":{"rendered":"http:\/\/www.futboltotal.com.mx\/?p=397622"},"modified":"2016-05-17T17:13:43","modified_gmt":"2016-05-17T23:13:43","slug":"las-calles-a-la-cancha-jackson-martinez","status":"publish","type":"post","link":"http:\/\/desarrollo.grupomedios.com\/futbol\/videos\/las-calles-a-la-cancha-jackson-martinez\/2016\/05","title":{"rendered":"De las calles a la cancha&#8230; Jackson Mart\u00ednez"},"content":{"rendered":"<p>Si bien\u00a0su destino lo llev\u00f3 al futbol chino, el colombiano <strong>Jackson Mart\u00ednez<\/strong>, demostr\u00f3 que es un romperredes nato y a pesar que viaj\u00f3 a una liga con pocos reflectores, el dinero que percibe eclipsa por completo el sufrimiento por el que pas\u00f3 en su infancia, pues la situaci\u00f3n econ\u00f3mica de su familia era tan precaria que se ve\u00eda en la necesidad de utilizar la cabeza de una mu\u00f1eca como bal\u00f3n.<\/p>\n<p><span style=\"color: #ff0000;\"><strong>VIDEO<\/strong>: De las calles a las canchas&#8230; <strong>Jackson Mart\u00ednez<\/strong><\/span><\/p>\n<p>[video_player]https:\/\/player.vimeo.com\/external\/167034133.sd.mp4?s=b47a578e54acf6e7cdd7840b81567765d831ae99&amp;profile_id=165[\/video_player]<\/p>\n","protected":false},"excerpt":{"rendered":"<p>El colombiano tuvo una vida muy complicada <\/p>\n","protected":false},"author":20,"featured_media":397623,"comment_status":"closed","ping_status":"closed","sticky":false,"template":"","format":"standard","meta":[],"categories":[3839,4],"tags":[6214,6039],"_links":{"self":[{"href":"http:\/\/desarrollo.grupomedios.com\/futbol\/wp-json\/wp\/v2\/posts\/397622"}],"collection":[{"href":"http:\/\/desarrollo.grupomedios.com\/futbol\/wp-json\/wp\/v2\/posts"}],"about":[{"href":"http:\/\/desarrollo.grupomedios.com\/futbol\/wp-json\/wp\/v2\/types\/post"}],"author":[{"embeddable":true,"href":"http:\/\/desarrollo.grupomedios.com\/futbol\/wp-json\/wp\/v2\/users\/20"}],"replies":[{"embeddable":true,"href":"http:\/\/desarrollo.grupomedios.com\/futbol\/wp-json\/wp\/v2\/comments?post=397622"}],"version-history":[{"count":0,"href":"http:\/\/desarrollo.grupomedios.com\/futbol\/wp-json\/wp\/v2\/posts\/397622\/revisions"}],"wp:featuredmedia":[{"embeddable":true,"href":"http:\/\/desarrollo.grupomedios.com\/futbol\/wp-json\/wp\/v2\/media\/397623"}],"wp:attachment":[{"href":"http:\/\/desarrollo.grupomedios.com\/futbol\/wp-json\/wp\/v2\/media?parent=397622"}],"wp:term":[{"taxonomy":"category","embeddable":true,"href":"http:\/\/desarrollo.grupomedios.com\/futbol\/wp-json\/wp\/v2\/categories?post=397622"},{"taxonomy":"post_tag","embeddable":true,"href":"http:\/\/desarrollo.grupomedios.com\/futbol\/wp-json\/wp\/v2\/tags?post=397622"}],"curies":[{"name":"wp","href":"https:\/\/api.w.org\/{rel}","templated":true}]}}