{"id":397660,"date":"2016-05-17T18:18:28","date_gmt":"2016-05-18T00:18:28","guid":{"rendered":"http:\/\/www.futboltotal.com.mx\/?p=397660"},"modified":"2016-07-08T11:16:30","modified_gmt":"2016-07-08T16:16:30","slug":"sedes-eurocopa-parc-des-princes","status":"publish","type":"post","link":"http:\/\/desarrollo.grupomedios.com\/futbol\/eurocopa-2016\/sedes-eurocopa-parc-des-princes\/2016\/05","title":{"rendered":"SEDES EUROCOPA: Parc des Princes"},"content":{"rendered":"<p>El <strong>Parc des Princes<\/strong> es el futbol hecho estadio para <strong>Francia<\/strong>, en sus entra\u00f1as s\u00f3lo se respira futbol. Su historia podr\u00eda \u2018resumirse\u2019 en dos <strong>Copas del Mundo<\/strong> (1938 y 1998), unos <strong>Juegos Ol\u00edmpicos<\/strong> (1900), dos <strong>Eurocopas<\/strong> (1960 y 1984), pero va mucho m\u00e1s all\u00e1 de eso, es futbol puro, ese por el que viven los aficionados.<\/p>\n<p>&nbsp;<\/p>\n<p>En un principio, el <strong>Parque de los Pr\u00edncipes<\/strong> fue concebido para albergar a 3,200 aficionados, pero sus tres remodelaciones (1932, 1972 y 2015) le han permitido crecer hasta alcanzar casi las <strong>50 mil localidades<\/strong>, siempre manteniendo su m\u00e1gica y \u00fanica esencia futbolera.<\/p>\n<p><script src=\"\/\/cdn.playbuzz.com\/widget\/feed.js\" type=\"text\/javascript\"><\/script><\/p>\n<div class=\"pb_feed\" data-embed-by=\"d43f3879-83ed-40bc-99d7-fde80605466f\" data-game=\"\/futboltotal\/sedes-eurocopa-parc-des-princes\" data-recommend=\"false\" data-game-info=\"false\" data-comments=\"false\"><\/div>\n","protected":false},"excerpt":{"rendered":"<p>Su historia lo coloca como uno de los grandes inmuebles en el mundo y ahora tiene ante s\u00ed una nueva p\u00e1gina por escribir.<\/p>\n","protected":false},"author":20,"featured_media":409373,"comment_status":"closed","ping_status":"closed","sticky":false,"template":"","format":"standard","meta":[],"categories":[6995,7000],"tags":[5537,2236,6152],"_links":{"self":[{"href":"http:\/\/desarrollo.grupomedios.com\/futbol\/wp-json\/wp\/v2\/posts\/397660"}],"collection":[{"href":"http:\/\/desarrollo.grupomedios.com\/futbol\/wp-json\/wp\/v2\/posts"}],"about":[{"href":"http:\/\/desarrollo.grupomedios.com\/futbol\/wp-json\/wp\/v2\/types\/post"}],"author":[{"embeddable":true,"href":"http:\/\/desarrollo.grupomedios.com\/futbol\/wp-json\/wp\/v2\/users\/20"}],"replies":[{"embeddable":true,"href":"http:\/\/desarrollo.grupomedios.com\/futbol\/wp-json\/wp\/v2\/comments?post=397660"}],"version-history":[{"count":0,"href":"http:\/\/desarrollo.grupomedios.com\/futbol\/wp-json\/wp\/v2\/posts\/397660\/revisions"}],"wp:featuredmedia":[{"embeddable":true,"href":"http:\/\/desarrollo.grupomedios.com\/futbol\/wp-json\/wp\/v2\/media\/409373"}],"wp:attachment":[{"href":"http:\/\/desarrollo.grupomedios.com\/futbol\/wp-json\/wp\/v2\/media?parent=397660"}],"wp:term":[{"taxonomy":"category","embeddable":true,"href":"http:\/\/desarrollo.grupomedios.com\/futbol\/wp-json\/wp\/v2\/categories?post=397660"},{"taxonomy":"post_tag","embeddable":true,"href":"http:\/\/desarrollo.grupomedios.com\/futbol\/wp-json\/wp\/v2\/tags?post=397660"}],"curies":[{"name":"wp","href":"https:\/\/api.w.org\/{rel}","templated":true}]}}