{"id":397704,"date":"2016-05-17T18:26:52","date_gmt":"2016-05-18T00:26:52","guid":{"rendered":"http:\/\/www.futboltotal.com.mx\/?p=397704"},"modified":"2016-05-18T19:30:50","modified_gmt":"2016-05-19T01:30:50","slug":"mohamed-genio-las-semifinales-2","status":"publish","type":"post","link":"http:\/\/desarrollo.grupomedios.com\/futbol\/destacado-home\/mohamed-genio-las-semifinales-2\/2016\/05","title":{"rendered":"Mohamed, GENIO de las semifinales"},"content":{"rendered":"<p>En el Verano de 2011, <strong>Antonio Mohamed<\/strong> lleg\u00f3 a Tijuana, inmersa en una atm\u00f3sfera estimulante tras el ascenso a Primera Divisi\u00f3n de los<em> Xolos<\/em>. El argentino se aventur\u00f3 en el banquillo de los Xolos y lleg\u00f3 para escribir el g\u00e9nesis de una historia \u00fanica, envidiable, que hoy lo tiene como el genio de las <strong>semifinales<\/strong> de la <strong><a href=\"http:\/\/www.futboltotal.com.mx\/futbol-mexicano\/\">Liga MX<\/a><\/strong>.<\/p>\n<p><strong>Mohamed<\/strong>\u00a0acumulaba una ef\u00edmera experiencia como entrenador en el futbol mexicano. Desde que se estren\u00f3 en 2003 con Zacatepec -el mismo club en el que acab\u00f3 sus d\u00edas como jugador- dirigi\u00f3 a Morelia, Quer\u00e9taro, Jaguares y Veracruz, pero siempre arrib\u00f3 como relevista y nunca pudo llegar m\u00e1s all\u00e1 de la Fase Regular.<\/p>\n<p style=\"text-align: center;\"><span style=\"color: #3366ff;\"><a style=\"color: #3366ff;\" href=\"http:\/\/www.futboltotal.com.mx\/2016\/05\/en-vivo-america-vs-monterrey-liga-mx-2\/\"><strong>LEER M\u00c1S: EN VIVO | Am\u00e9rica vs Monterrey<\/strong><\/a><\/span><\/p>\n<p style=\"text-align: center;\"><a href=\"http:\/\/www.futboltotal.com.mx\/wp-content\/uploads\/2016\/05\/image-1.jpeg\" rel=\"attachment wp-att-397481\"><img decoding=\"async\" loading=\"lazy\" class=\"alignnone size-full wp-image-397481\" src=\"http:\/\/www.futboltotal.com.mx\/wp-content\/uploads\/2016\/05\/image-1.jpeg\" alt=\"image\" srcset=\"http:\/\/desarrollo.grupomedios.com\/futbol\/wp-content\/uploads\/2016\/05\/image-1.jpeg 940w, http:\/\/desarrollo.grupomedios.com\/futbol\/wp-content\/uploads\/2016\/05\/image-1-300x290.jpeg 300w, http:\/\/desarrollo.grupomedios.com\/futbol\/wp-content\/uploads\/2016\/05\/image-1-768x742.jpeg 768w\" sizes=\"(max-width: 940px) 100vw, 940px\" \/><\/a><\/p>\n<p>Cuando el <em>Turco<\/em> lleg\u00f3 al cuadro fronterizo fue de la misma manera: para suplir a Joaqu\u00edn del Olmo y tratar de revitalizar a un equipo azotado despu\u00e9s de 10 jornadas en Primera Divisi\u00f3n en las que apenas sum\u00f3 una victoria. &#8220;Nos ense\u00f1\u00f3 a levantar la cara y recuperar el hambre que hab\u00eda perdido el equipo&#8221;, recuerda Javier Gandolfi, defensa y capit\u00e1n del club.<\/p>\n<p>Aunque en su primer torneo <strong>Mohamed<\/strong> no consigui\u00f3 enderezar el rumbo de los <em>Xolos<\/em> y clasificar a la Liguilla, traz\u00f3 la ruta para montar una revoluci\u00f3n en el club. Acab\u00f3 invicto y para el siguiente torneo libr\u00f3 el descenso y llev\u00f3 al club hasta los Cuartos de Final, donde sucumbieron (4-3) estoicos ante Monterrey.<\/p>\n<p style=\"text-align: center;\"><span style=\"color: #3366ff;\"><strong><a style=\"color: #3366ff;\" href=\"http:\/\/www.futboltotal.com.mx\/2016\/05\/los-dt-las-semifinales-marcadas-diferencias\/\">LEER M\u00c1S: Los DT de las semifinales | Marcadas diferencias<\/a><\/strong><\/span><\/p>\n<p>La directiva del club no dud\u00f3 en ratificarlo como el entrenador con el que desafiar\u00edan el Apertura 2012, semestre en el que demostr\u00f3 lo que era capaz de hacer. &#8220;Siempre nos dec\u00eda: &#8216;en el futbol no se mir\u00e1 el futuro, se mira el presente, lo que quieres vivir y lo que quieres conseguir hoy&#8221;, agrega.<\/p>\n<p>Con esa mentalidad, <strong>Mohamed<\/strong> culmin\u00f3 un primer cap\u00edtulo sublime en el g\u00e9lido invierno de 2012: en las semifinales del torneo enfrent\u00f3 al Le\u00f3n y, pese a que perdi\u00f3 (2-0) en la Ida sali\u00f3 airoso tras golear (3-0) en el Estadio Caliente, un b\u00fanker en el que nunca perdi\u00f3 en la Fase Regular y Liguilla. La mejor parte lleg\u00f3 en la Final, cuando le peg\u00f3 (2-1) a Toluca y acab\u00f3 por alzar su primer t\u00edtulo de Primera Divisi\u00f3n (0-2) en el infernal Nemesio Diez.<\/p>\n<p><a href=\"http:\/\/www.futboltotal.com.mx\/wp-content\/uploads\/2016\/05\/Mohamed-2.jpg\" rel=\"attachment wp-att-397705\"><img decoding=\"async\" loading=\"lazy\" class=\"alignnone size-full wp-image-397705\" src=\"http:\/\/www.futboltotal.com.mx\/wp-content\/uploads\/2016\/05\/Mohamed-2.jpg\" alt=\"Mohamed-2\" srcset=\"http:\/\/desarrollo.grupomedios.com\/futbol\/wp-content\/uploads\/2016\/05\/Mohamed-2.jpg 1100w, http:\/\/desarrollo.grupomedios.com\/futbol\/wp-content\/uploads\/2016\/05\/Mohamed-2-300x151.jpg 300w, http:\/\/desarrollo.grupomedios.com\/futbol\/wp-content\/uploads\/2016\/05\/Mohamed-2-768x386.jpg 768w, http:\/\/desarrollo.grupomedios.com\/futbol\/wp-content\/uploads\/2016\/05\/Mohamed-2-1024x515.jpg 1024w\" sizes=\"(max-width: 1100px) 100vw, 1100px\" \/><\/a><\/p>\n<p>Tras la gesta, Tony dirigi\u00f3 un torneo m\u00e1s pero no consigui\u00f3 revalidar el t\u00edtulo. En 2013 regres\u00f3 a su natal Argentina para vivir su tercera etapa con Hurac\u00e1n y tras un paso expr\u00e9s desembarc\u00f3 en el Am\u00e9rica, el club que en el torneo Clausura de ese a\u00f1o hab\u00eda conquistado bajo la tutela de Miguel Herrera su t\u00edtulo de Liga n\u00famero 12 del futbol Mexicano.<\/p>\n<p><strong>Mohamed<\/strong>\u00a0volvi\u00f3 a entintar la pluma y escribi\u00f3 con las <em>\u00c1guilas<\/em> un cap\u00edtulo memorable, casi id\u00e9ntico al que vivi\u00f3 con <em>Xolos<\/em>. Esta vez no fue relevista improvisado, pero s\u00ed tom\u00f3 el cargo tras el fin de ciclo de su entra\u00f1able amigo, Herrera, con quien comparti\u00f3 las canchas en Toros Neza, club ahora est\u00e1 en la tercera divisi\u00f3n.<\/p>\n<p><a href=\"http:\/\/www.futboltotal.com.mx\/wp-content\/uploads\/2016\/05\/Mohamed-3.jpg\" rel=\"attachment wp-att-397707\"><img decoding=\"async\" loading=\"lazy\" class=\"alignnone size-full wp-image-397707\" src=\"http:\/\/www.futboltotal.com.mx\/wp-content\/uploads\/2016\/05\/Mohamed-3.jpg\" alt=\"Mohamed-3\" srcset=\"http:\/\/desarrollo.grupomedios.com\/futbol\/wp-content\/uploads\/2016\/05\/Mohamed-3.jpg 1100w, http:\/\/desarrollo.grupomedios.com\/futbol\/wp-content\/uploads\/2016\/05\/Mohamed-3-300x151.jpg 300w, http:\/\/desarrollo.grupomedios.com\/futbol\/wp-content\/uploads\/2016\/05\/Mohamed-3-768x386.jpg 768w, http:\/\/desarrollo.grupomedios.com\/futbol\/wp-content\/uploads\/2016\/05\/Mohamed-3-1024x515.jpg 1024w\" sizes=\"(max-width: 1100px) 100vw, 1100px\" \/><\/a><\/p>\n<p>En el primer torneo tambi\u00e9n lleg\u00f3 a los Cuartos de Final y en el segundo super\u00f3 la serie de semifinales ante Monterrey y consigui\u00f3 su segundo t\u00edtulo, que signific\u00f3 entronizar al Am\u00e9rica como el m\u00e1s ganador en la historia del futbol mexicano.<\/p>\n<p>Despu\u00e9s de un proeza semejante, su repentina salida por discrepancias con la directiva qued\u00f3 solo en el anecdotario. Lo que realmente import\u00f3 es que gracias a ello y al bendito futbol, <strong>Mohamed<\/strong> tiene la posibilidad de encaramarse como genio de las semifinales y aspirar de nueva cuenta a ser campe\u00f3n, aunque esta vez \u00a0con los papeles invertidos, como t\u00e9cnico del <strong>Monterrey<\/strong>\u00a0y echando al <strong>Am\u00e9rica<\/strong> en la antesala por el t\u00edtulo. Hasta ahora la etiqueta le pertenece. Dos semifinales de dos y por qu\u00e9 no tres finales de tres. \u00bfLo conseguir\u00e1?<\/p>\n","protected":false},"excerpt":{"rendered":"<p>Con Rayados, el Turco puede repetir la \u00e9pica que hizo con Xolos y Am\u00e9rica<\/p>\n","protected":false},"author":20,"featured_media":379638,"comment_status":"closed","ping_status":"closed","sticky":false,"template":"","format":"standard","meta":[],"categories":[5,2198,3845],"tags":[6458,422,5966,497],"_links":{"self":[{"href":"http:\/\/desarrollo.grupomedios.com\/futbol\/wp-json\/wp\/v2\/posts\/397704"}],"collection":[{"href":"http:\/\/desarrollo.grupomedios.com\/futbol\/wp-json\/wp\/v2\/posts"}],"about":[{"href":"http:\/\/desarrollo.grupomedios.com\/futbol\/wp-json\/wp\/v2\/types\/post"}],"author":[{"embeddable":true,"href":"http:\/\/desarrollo.grupomedios.com\/futbol\/wp-json\/wp\/v2\/users\/20"}],"replies":[{"embeddable":true,"href":"http:\/\/desarrollo.grupomedios.com\/futbol\/wp-json\/wp\/v2\/comments?post=397704"}],"version-history":[{"count":0,"href":"http:\/\/desarrollo.grupomedios.com\/futbol\/wp-json\/wp\/v2\/posts\/397704\/revisions"}],"wp:featuredmedia":[{"embeddable":true,"href":"http:\/\/desarrollo.grupomedios.com\/futbol\/wp-json\/wp\/v2\/media\/379638"}],"wp:attachment":[{"href":"http:\/\/desarrollo.grupomedios.com\/futbol\/wp-json\/wp\/v2\/media?parent=397704"}],"wp:term":[{"taxonomy":"category","embeddable":true,"href":"http:\/\/desarrollo.grupomedios.com\/futbol\/wp-json\/wp\/v2\/categories?post=397704"},{"taxonomy":"post_tag","embeddable":true,"href":"http:\/\/desarrollo.grupomedios.com\/futbol\/wp-json\/wp\/v2\/tags?post=397704"}],"curies":[{"name":"wp","href":"https:\/\/api.w.org\/{rel}","templated":true}]}}