{"id":397981,"date":"2016-05-19T11:08:06","date_gmt":"2016-05-19T17:08:06","guid":{"rendered":"http:\/\/www.futboltotal.com.mx\/?p=397981"},"modified":"2016-05-19T11:08:06","modified_gmt":"2016-05-19T17:08:06","slug":"las-duelas-a-las-canchas","status":"publish","type":"post","link":"http:\/\/desarrollo.grupomedios.com\/futbol\/videos\/las-duelas-a-las-canchas\/2016\/05","title":{"rendered":"\u00bfDe la duela a la cancha de futbol?"},"content":{"rendered":"<p>\u00bf<strong>Kobe Bryant<\/strong> pasar\u00e1 de la duela a la cancha de futbol? Nada de eso, al menos no por ahora. Lo cierto es que se confirma que el\u00a0ex NBA es un amante del balompi\u00e9.\u00a0La\u00a0leyenda del baloncesto apareci\u00f3 en un comercial de promoci\u00f3n para la <strong>Copa Am\u00e9rica Centenario<\/strong>, certamen que se disputar\u00e1 en Estados Unidos\u00a0del 3 al 26 de junio.<\/p>\n<p>En el video,\u00a0<strong>Kobe Bryant\u00a0<\/strong>menciona a las figuras que estar\u00e1n en la justa continental\u00a0y la pasi\u00f3n que va a generar este torneo en suelo estadounidense.<\/p>\n<p><iframe loading=\"lazy\" src=\"https:\/\/www.youtube.com\/embed\/eoCxGwIb88Y\" frameborder=\"0\" allowfullscreen=\"allowfullscreen\"><\/iframe><\/p>\n","protected":false},"excerpt":{"rendered":"<p>Kobe Bryant promociona la Copa Am\u00e9rica Centenario<\/p>\n","protected":false},"author":20,"featured_media":397984,"comment_status":"closed","ping_status":"closed","sticky":false,"template":"","format":"standard","meta":[],"categories":[6950,3839,4,6960],"tags":[2130,5816],"_links":{"self":[{"href":"http:\/\/desarrollo.grupomedios.com\/futbol\/wp-json\/wp\/v2\/posts\/397981"}],"collection":[{"href":"http:\/\/desarrollo.grupomedios.com\/futbol\/wp-json\/wp\/v2\/posts"}],"about":[{"href":"http:\/\/desarrollo.grupomedios.com\/futbol\/wp-json\/wp\/v2\/types\/post"}],"author":[{"embeddable":true,"href":"http:\/\/desarrollo.grupomedios.com\/futbol\/wp-json\/wp\/v2\/users\/20"}],"replies":[{"embeddable":true,"href":"http:\/\/desarrollo.grupomedios.com\/futbol\/wp-json\/wp\/v2\/comments?post=397981"}],"version-history":[{"count":0,"href":"http:\/\/desarrollo.grupomedios.com\/futbol\/wp-json\/wp\/v2\/posts\/397981\/revisions"}],"wp:featuredmedia":[{"embeddable":true,"href":"http:\/\/desarrollo.grupomedios.com\/futbol\/wp-json\/wp\/v2\/media\/397984"}],"wp:attachment":[{"href":"http:\/\/desarrollo.grupomedios.com\/futbol\/wp-json\/wp\/v2\/media?parent=397981"}],"wp:term":[{"taxonomy":"category","embeddable":true,"href":"http:\/\/desarrollo.grupomedios.com\/futbol\/wp-json\/wp\/v2\/categories?post=397981"},{"taxonomy":"post_tag","embeddable":true,"href":"http:\/\/desarrollo.grupomedios.com\/futbol\/wp-json\/wp\/v2\/tags?post=397981"}],"curies":[{"name":"wp","href":"https:\/\/api.w.org\/{rel}","templated":true}]}}