{"id":398130,"date":"2016-05-19T17:12:41","date_gmt":"2016-05-19T23:12:41","guid":{"rendered":"http:\/\/www.futboltotal.com.mx\/?p=398130"},"modified":"2016-05-19T17:12:41","modified_gmt":"2016-05-19T23:12:41","slug":"porto-ejercera-opcion-compra-layun","status":"publish","type":"post","link":"http:\/\/desarrollo.grupomedios.com\/futbol\/destacado-home\/porto-ejercera-opcion-compra-layun\/2016\/05","title":{"rendered":"Porto s\u00ed ejercer\u00e1 opci\u00f3n de compra por Lay\u00fan"},"content":{"rendered":"<p>El <strong>FC Porto<\/strong> est\u00e1 pr\u00f3ximo a concretar el primer fichaje para la temporada 2015-16. Se trata del mexicano <strong>Miguel Lay\u00fan<\/strong>, quien lleg\u00f3 a pr\u00e9stamo por un a\u00f1o en el verano pasado y cuyo contrato acaba el pr\u00f3ximo mes de junio. Los <em>Dragones<\/em> s\u00ed ejercer\u00e1n la opci\u00f3n de compra con el Watford, due\u00f1o de la carta del zaguero, y para ello pagar\u00e1n seis millones de euros.<\/p>\n<p>El traspaso definitivo de <strong>Lay\u00fan<\/strong> se ha dado a conocer este jueves de manera inesperada, despu\u00e9s de que el <em>diario O Jogo<\/em> afirmar\u00e1 que pudo contactar con una fuente del club, la cual confirm\u00f3 que la decisi\u00f3n est\u00e1 tomada y solo est\u00e1 a la espera del momento propicio para concretar la negociaci\u00f3n con el Watford.<\/p>\n<p style=\"text-align: center;\"><span style=\"color: #3366ff;\"><strong><a style=\"color: #3366ff;\" href=\"http:\/\/www.futboltotal.com.mx\/futbol-internacional\/mexicanos-en-europa\/\">LEER M\u00c1S: Todas las noticias de mexicanos en Europa<\/a><\/strong><\/span><\/p>\n<p>Los <em>Dragones<\/em> tiene como fecha l\u00edmite para cerrar el traspaso el pr\u00f3ximo 31 de mayo, seg\u00fan estipula la cl\u00e1usula de compra de Lay\u00fan. El medio citado enfatiz\u00f3 que hasta hoy no hay nada cerrado, caso contrario a la informaci\u00f3n que public\u00f3 hoy el portal <em>P\u00fablico.pt<\/em>, que asegur\u00f3 que el <strong>Porto<\/strong> ya ten\u00eda cerrada la operaci\u00f3n e incluso pact\u00f3 el pago de los seis millones de euros en dos partes.<\/p>\n<p>Al margen de ello, lo cierto es que el <strong>Porto<\/strong> s\u00ed fichar\u00e1 definitivamente a Lay\u00fan, cuya primer temporada fue encomiable -fue el mejor asistidor de la liga junto a Nico Gait\u00e1n- y el pr\u00f3ximo curso ser\u00e1 una de los imprescindibles del entrenadro Jos\u00e9 Peseiro. Eso s\u00ed, la \u00fanica forma en que el Porto podr\u00eda dejarlo ir es si llega alguna oferta importante por parte de alg\u00fan otro club, entre ellos el Real Madrid, que coloc\u00f3 en la agenda de fichajes al mexicano hace un par de meses ante la necesidad de contar con un recambio para el brasile\u00f1o Marcelo.<\/p>\n<p>&nbsp;<\/p>\n","protected":false},"excerpt":{"rendered":"<p>La prensa de Portugal afirma que los Dragones pagar\u00e1n 6 MDE por el mexicano<\/p>\n","protected":false},"author":20,"featured_media":380272,"comment_status":"closed","ping_status":"closed","sticky":false,"template":"","format":"standard","meta":[],"categories":[5,3839,5951],"tags":[2153,1035],"_links":{"self":[{"href":"http:\/\/desarrollo.grupomedios.com\/futbol\/wp-json\/wp\/v2\/posts\/398130"}],"collection":[{"href":"http:\/\/desarrollo.grupomedios.com\/futbol\/wp-json\/wp\/v2\/posts"}],"about":[{"href":"http:\/\/desarrollo.grupomedios.com\/futbol\/wp-json\/wp\/v2\/types\/post"}],"author":[{"embeddable":true,"href":"http:\/\/desarrollo.grupomedios.com\/futbol\/wp-json\/wp\/v2\/users\/20"}],"replies":[{"embeddable":true,"href":"http:\/\/desarrollo.grupomedios.com\/futbol\/wp-json\/wp\/v2\/comments?post=398130"}],"version-history":[{"count":0,"href":"http:\/\/desarrollo.grupomedios.com\/futbol\/wp-json\/wp\/v2\/posts\/398130\/revisions"}],"wp:featuredmedia":[{"embeddable":true,"href":"http:\/\/desarrollo.grupomedios.com\/futbol\/wp-json\/wp\/v2\/media\/380272"}],"wp:attachment":[{"href":"http:\/\/desarrollo.grupomedios.com\/futbol\/wp-json\/wp\/v2\/media?parent=398130"}],"wp:term":[{"taxonomy":"category","embeddable":true,"href":"http:\/\/desarrollo.grupomedios.com\/futbol\/wp-json\/wp\/v2\/categories?post=398130"},{"taxonomy":"post_tag","embeddable":true,"href":"http:\/\/desarrollo.grupomedios.com\/futbol\/wp-json\/wp\/v2\/tags?post=398130"}],"curies":[{"name":"wp","href":"https:\/\/api.w.org\/{rel}","templated":true}]}}