{"id":398158,"date":"2016-05-19T18:50:28","date_gmt":"2016-05-20T00:50:28","guid":{"rendered":"http:\/\/www.futboltotal.com.mx\/?p=398158"},"modified":"2016-05-21T08:55:10","modified_gmt":"2016-05-21T14:55:10","slug":"mexicanos-en-europa-buscan-nuevo-sueno-3","status":"publish","type":"post","link":"http:\/\/desarrollo.grupomedios.com\/futbol\/futbol-internacional\/mexicanos-en-europa-buscan-nuevo-sueno-3\/2016\/05","title":{"rendered":"Mexicanos en Europa | Buscan un nuevo sue\u00f1o"},"content":{"rendered":"<p>Despu\u00e9s de haber concluido la temporada 2015-16, la siguiente parada para nueve de los doce<a href=\"http:\/\/www.futboltotal.com.mx\/futbol-internacional\/mexicanos-en-europa\/\"> <strong>mexicanos que militan en Europa<\/strong><\/a> es la disputa de la Copa Am\u00e9rica Centenario. Paralelamente, algunos de ellos ser\u00e1n protagonistas en la v\u00edspera del mercado de fichaje de verano, escaparate donde tienen un sitio con antelaci\u00f3n ante el inter\u00e9s de distintos clubes en ficharlos.<\/p>\n<p>En el <em>Viejo Continente<\/em> algunos equipos no han dudado en colocar en la agenda de posibles contrataciones a jugadores como <strong>Miguel Lay\u00fan, H\u00e9ctor Herrera, Diego Reyes <\/strong>o<strong> Carlos Vela<\/strong>. Este \u00faltimo un caso especial pues a pesar de que consigui\u00f3 una temporada superlativa como en otras ocasiones, interesa a dos clubes en la MLS.<\/p>\n<p style=\"text-align: center;\"><span style=\"color: #3366ff;\"><strong><a style=\"color: #3366ff;\" href=\"http:\/\/www.futboltotal.com.mx\/futbol-internacional\/mexicanos-en-europa\/\">LEER M\u00c1S: Todas las noticias de mexicanos en Europa<\/a><\/strong><\/span><\/p>\n<p>En el mismo tenor est\u00e1 el portero mexicano <strong>Guillermo Ochoa<\/strong>, quien este semestre obtiene pasaporte comunitario y debe definir si contin\u00faa o no con el M\u00e1laga, donde fue titular tras a lesi\u00f3n de Kameni.<\/p>\n<p>\u00bfAlgunos de ellos se mover\u00e1 de club? En Futbol Total seguiremos los tendremos bajo la lupa y te mantendremos al tanto sobre las posibles opciones que tengan para jugar en otro equipo.<\/p>\n<p>Los posibles destinos&#8230;<\/p>\n<table class=\"tabla_estufa\" style=\"padding: 16px;\">\n<tbody>\n<tr>\n<td width=\"200\"><strong>JUGADOR<\/strong><\/td>\n<td width=\"200\"><strong>Equipo<br \/>\n<\/strong><\/td>\n<td width=\"300\"><strong>Posibles destinos\u2026<\/strong><\/td>\n<\/tr>\n<tr>\n<td width=\"200\"><strong>Carlos Vela<br \/>\n<\/strong><\/td>\n<td width=\"200\">Real Sociedad<\/td>\n<td width=\"300\"><a href=\"http:\/\/www.futboltotal.com.mx\/2016\/04\/carlos-vela-en-la-mira-del-atletico-madrid\/\">Atl\u00e9tico de Madrid<\/a><br \/>\nColorado Rapids<br \/>\nChicago Fire<\/td>\n<\/tr>\n<tr>\n<td width=\"200\"><strong>Diego Reyes<br \/>\n<\/strong><\/td>\n<td width=\"200\">Porto<\/td>\n<td width=\"300\">Real Sociedad (fichar\u00eda definitivamente)<br \/>\nParma<br \/>\nAnderlecht<\/td>\n<\/tr>\n<tr>\n<td width=\"200\"><strong>Guillermo Ochoa<br \/>\n<\/strong><\/td>\n<td width=\"200\">M\u00e1laga<\/td>\n<td width=\"300\">Girondis de Bordeaux<br \/>\nTolouse<br \/>\n<a href=\"http:\/\/www.futboltotal.com.mx\/2016\/04\/ochoa-en-la-orbita-del-sevilla\/\">Sevilla<\/a><\/td>\n<\/tr>\n<tr>\n<td width=\"200\"><strong>Jonathan dos Santos<br \/>\n<\/strong><\/td>\n<td width=\"200\">Villarreal<\/td>\n<td width=\"300\">Monterrey<\/td>\n<\/tr>\n<tr>\n<td width=\"200\"><strong>H\u00e9ctor Herrera<br \/>\n<\/strong><\/td>\n<td width=\"200\">Porto<\/td>\n<td width=\"300\"><a href=\"http:\/\/www.futboltotal.com.mx\/2016\/05\/en-italia-insisten-en-fichar-a-hector-herrera\/\">Napoli<\/a><br \/>\nManchester City<\/td>\n<\/tr>\n<tr>\n<td width=\"200\"><strong>Miguel Lay\u00fan<br \/>\n<\/strong><\/td>\n<td width=\"200\">Watford<\/td>\n<td width=\"300\"><a href=\"http:\/\/www.futboltotal.com.mx\/2016\/05\/porto-ejercera-opcion-compra-layun\/\">Porto (fichar\u00eda definitivamente)<\/a><br \/>\n<a href=\"http:\/\/www.futboltotal.com.mx\/2016\/05\/porto-ejercera-opcion-compra-layun\/\">Real Madrid<\/a><\/td>\n<\/tr>\n<tr>\n<td width=\"200\"><strong>Tecatito Corona<br \/>\n<\/strong><\/td>\n<td width=\"200\">Porto<\/td>\n<td width=\"300\">Sin opciones<\/td>\n<\/tr>\n<tr>\n<td width=\"200\"><strong>Alan Pulido<br \/>\n<\/strong><\/td>\n<td width=\"200\">Olympiakos<\/td>\n<td width=\"300\">Chivas<\/td>\n<\/tr>\n<tr>\n<td width=\"200\"><strong>H\u00e9ctor Moreno<br \/>\n<\/strong><\/td>\n<td width=\"200\">PSV<\/td>\n<td width=\"300\">Juventus<\/td>\n<\/tr>\n<tr>\n<td width=\"200\"><strong>Andr\u00e9s Guardado<br \/>\n<\/strong><\/td>\n<td width=\"200\">PSV<\/td>\n<td width=\"300\">Sin opciones<\/td>\n<\/tr>\n<tr>\n<td width=\"200\"><strong>Chicharito Hern\u00e1ndez<br \/>\n<\/strong><\/td>\n<td width=\"200\">Bayer Leverkusen<\/td>\n<td width=\"300\">Sin opciones<\/td>\n<\/tr>\n<tr>\n<td width=\"200\"><strong>Ra\u00fal Jim\u00e9nez<br \/>\n<\/strong><\/td>\n<td width=\"200\">Benfica<\/td>\n<td width=\"300\">Sin opciones<\/td>\n<\/tr>\n<\/tbody>\n<\/table>\n","protected":false},"excerpt":{"rendered":"<p>Algunos tricolores tiene opciones para cambiar de club en el verano<\/p>\n","protected":false},"author":20,"featured_media":398198,"comment_status":"closed","ping_status":"closed","sticky":false,"template":"","format":"standard","meta":[],"categories":[3839,6718,5951],"tags":[4545],"_links":{"self":[{"href":"http:\/\/desarrollo.grupomedios.com\/futbol\/wp-json\/wp\/v2\/posts\/398158"}],"collection":[{"href":"http:\/\/desarrollo.grupomedios.com\/futbol\/wp-json\/wp\/v2\/posts"}],"about":[{"href":"http:\/\/desarrollo.grupomedios.com\/futbol\/wp-json\/wp\/v2\/types\/post"}],"author":[{"embeddable":true,"href":"http:\/\/desarrollo.grupomedios.com\/futbol\/wp-json\/wp\/v2\/users\/20"}],"replies":[{"embeddable":true,"href":"http:\/\/desarrollo.grupomedios.com\/futbol\/wp-json\/wp\/v2\/comments?post=398158"}],"version-history":[{"count":0,"href":"http:\/\/desarrollo.grupomedios.com\/futbol\/wp-json\/wp\/v2\/posts\/398158\/revisions"}],"wp:featuredmedia":[{"embeddable":true,"href":"http:\/\/desarrollo.grupomedios.com\/futbol\/wp-json\/wp\/v2\/media\/398198"}],"wp:attachment":[{"href":"http:\/\/desarrollo.grupomedios.com\/futbol\/wp-json\/wp\/v2\/media?parent=398158"}],"wp:term":[{"taxonomy":"category","embeddable":true,"href":"http:\/\/desarrollo.grupomedios.com\/futbol\/wp-json\/wp\/v2\/categories?post=398158"},{"taxonomy":"post_tag","embeddable":true,"href":"http:\/\/desarrollo.grupomedios.com\/futbol\/wp-json\/wp\/v2\/tags?post=398158"}],"curies":[{"name":"wp","href":"https:\/\/api.w.org\/{rel}","templated":true}]}}