{"id":398177,"date":"2016-05-19T18:13:49","date_gmt":"2016-05-20T00:13:49","guid":{"rendered":"http:\/\/www.futboltotal.com.mx\/?p=398177"},"modified":"2016-05-19T18:26:41","modified_gmt":"2016-05-20T00:26:41","slug":"mojan-a-andre-marin-gustavo-mendoza-fox-sports-en-estadio-leon","status":"publish","type":"post","link":"http:\/\/desarrollo.grupomedios.com\/futbol\/videos\/mojan-a-andre-marin-gustavo-mendoza-fox-sports-en-estadio-leon\/2016\/05","title":{"rendered":"Mojan a comentaristas de Fox Sports, en estadio Le\u00f3n"},"content":{"rendered":"<p>Durante una transmisi\u00f3n de <strong>Fox Sports<\/strong>, como parte de la cobertura previa al partido entre <a href=\"http:\/\/www.futboltotal.com.mx\/equipos\/leon\/\" target=\"_blank\"><strong>Le\u00f3n<\/strong> <\/a>y <strong><a href=\"http:\/\/www.futboltotal.com.mx\/equipos\/pachuca\/\" target=\"_blank\">Pachuca<\/a><\/strong>, de las semifinales del Clausura 2016, el personal del estadio de la <i>Fiera,<\/i> tambi\u00e9n conocido como Camp Nou, sorprendi\u00f3 a los comentaristas de la cadena de TV restringida, al mojarlos con aspersores.<\/p>\n<p>Andr\u00e9 Mar\u00edn, Fabi\u00e1n Estay, Gustavo Mendoza y Tony Valls, se encontraban a nivel de cancha transmitiendo previo al encuentro entre la <em>Fiera<\/em> y los <em>Tuzos<\/em>, cuando fueron sorprendidos por los aspersores del <strong>estadio<\/strong> <strong>Le\u00f3n<\/strong>.<\/p>\n<p style=\"text-align: center;\"><span style=\"color: #3366ff;\"><strong><a style=\"color: #3366ff;\" href=\"http:\/\/www.futboltotal.com.mx\/2016\/05\/espn-bein-sports-pelean-vanessa-huppenkothen\/\" target=\"_blank\">LEER M\u00c1S: Dos cadenas pretenden a Vanessa Huppenkothen<\/a><\/strong><\/span><\/p>\n<blockquote class=\"twitter-tweet\" data-lang=\"es\">\n<p dir=\"ltr\" lang=\"es\">???? !AGUAS! ????<a href=\"https:\/\/twitter.com\/GusMenFox\">@GusMenFox<\/a> hizo una pausa de rehidrataci\u00f3n ???????????????? <a href=\"https:\/\/t.co\/mYMscCkrV1\">pic.twitter.com\/mYMscCkrV1<\/a><\/p>\n<p>\u2014 La \u00daltima Palabra (@UpalabraMX) <a href=\"https:\/\/twitter.com\/UpalabraMX\/status\/733450390746877953\">20 de mayo de 2016<\/a><\/p><\/blockquote>\n<p><script src=\"\/\/platform.twitter.com\/widgets.js\" async=\"\" charset=\"utf-8\"><\/script><\/p>\n<p>Gustavo Mendoza alcanz\u00f3 a huir de la escena, antes de ser alcanzado por el agua que regaba la cancha, y despu\u00e9s, brome\u00f3 en redes sociales sobre la mojada en el <strong>estadio Le\u00f3n<\/strong>.<\/p>\n<blockquote class=\"twitter-tweet\" data-lang=\"es\"><p>\n<a href=\"https:\/\/t.co\/amAwZ2aVZi\">pic.twitter.com\/amAwZ2aVZi<\/a><\/p>\n<p>\u2014 Aldo Clark (@aldocorp) <a href=\"https:\/\/twitter.com\/aldocorp\/status\/733445258143371267\">19 de mayo de 2016<\/a>\n<\/p><\/blockquote>\n<p><script src=\"\/\/platform.twitter.com\/widgets.js\" async=\"\" charset=\"utf-8\"><\/script><\/p>\n<blockquote class=\"twitter-tweet\" data-lang=\"es\">\n<p dir=\"ltr\" lang=\"es\">Muy buena!!! ???????????? <a href=\"https:\/\/t.co\/YcYaVfnH1C\">https:\/\/t.co\/YcYaVfnH1C<\/a><\/p>\n<p>\u2014 Gustavo Mendoza (@GusMenFox) <a href=\"https:\/\/twitter.com\/GusMenFox\/status\/733442229520338944\">19 de mayo de 2016<\/a><\/p><\/blockquote>\n<p><script src=\"\/\/platform.twitter.com\/widgets.js\" async=\"\" charset=\"utf-8\"><\/script><\/p>\n","protected":false},"excerpt":{"rendered":"<p>Durante transmisi\u00f3n En Vivo, encendieron los aspersores del inmueble<\/p>\n","protected":false},"author":20,"featured_media":398178,"comment_status":"closed","ping_status":"closed","sticky":false,"template":"","format":"standard","meta":[],"categories":[5419,4],"tags":[5460,1490,5965,5968],"_links":{"self":[{"href":"http:\/\/desarrollo.grupomedios.com\/futbol\/wp-json\/wp\/v2\/posts\/398177"}],"collection":[{"href":"http:\/\/desarrollo.grupomedios.com\/futbol\/wp-json\/wp\/v2\/posts"}],"about":[{"href":"http:\/\/desarrollo.grupomedios.com\/futbol\/wp-json\/wp\/v2\/types\/post"}],"author":[{"embeddable":true,"href":"http:\/\/desarrollo.grupomedios.com\/futbol\/wp-json\/wp\/v2\/users\/20"}],"replies":[{"embeddable":true,"href":"http:\/\/desarrollo.grupomedios.com\/futbol\/wp-json\/wp\/v2\/comments?post=398177"}],"version-history":[{"count":0,"href":"http:\/\/desarrollo.grupomedios.com\/futbol\/wp-json\/wp\/v2\/posts\/398177\/revisions"}],"wp:featuredmedia":[{"embeddable":true,"href":"http:\/\/desarrollo.grupomedios.com\/futbol\/wp-json\/wp\/v2\/media\/398178"}],"wp:attachment":[{"href":"http:\/\/desarrollo.grupomedios.com\/futbol\/wp-json\/wp\/v2\/media?parent=398177"}],"wp:term":[{"taxonomy":"category","embeddable":true,"href":"http:\/\/desarrollo.grupomedios.com\/futbol\/wp-json\/wp\/v2\/categories?post=398177"},{"taxonomy":"post_tag","embeddable":true,"href":"http:\/\/desarrollo.grupomedios.com\/futbol\/wp-json\/wp\/v2\/tags?post=398177"}],"curies":[{"name":"wp","href":"https:\/\/api.w.org\/{rel}","templated":true}]}}