{"id":398229,"date":"2016-05-19T19:38:13","date_gmt":"2016-05-20T01:38:13","guid":{"rendered":"http:\/\/www.futboltotal.com.mx\/?p=398229"},"modified":"2016-05-19T19:41:55","modified_gmt":"2016-05-20T01:41:55","slug":"fallece-pedro-ocadiz-compositor-la-cumbia-los-luchadores","status":"publish","type":"post","link":"http:\/\/desarrollo.grupomedios.com\/futbol\/no-todo-es-futbol\/fallece-pedro-ocadiz-compositor-la-cumbia-los-luchadores\/2016\/05","title":{"rendered":"Lucha Libre tiene nuevo \u00e1ngel&#8230;"},"content":{"rendered":"<p><strong>Don Pedro Ocadiz<\/strong>, quien compusiera la famosa canci\u00f3n de <strong>Los Luchadores<\/strong>, falleci\u00f3 la noche del mi\u00e9rcoles 18 de mayo, a los 97 a\u00f1os. &#8220;La arena estaba de bote en bote; la gente loca de la emoci\u00f3n. En el ring luchaban los cuatro rudos: \u00eddolos de la afici\u00f3n\u2026 El Santo, el Cavernario, Blue Demon y el Bulldog&#8221;, era la letra que interpretaron varios grupos, entre ellos, la Sonora Santanera.<\/p>\n<p>Nacido en Jocotitl\u00e1n, Estado de M\u00e9xico, <strong>Pedro Ocadiz<\/strong> escribi\u00f3 la <strong>Cumbia de Los Luchadores<\/strong> en 1952, una canci\u00f3n que se convirti\u00f3 en el Himno de la Lucha Libre. Los protagonistas de aquella composici\u00f3n, perdieron la vida con el paso de los a\u00f1os, y ahora el creador de su melod\u00eda, los acompa\u00f1ar\u00e1 en el para\u00edso del ring.<\/p>\n<p style=\"text-align: center;\"><span style=\"color: #3366ff;\"><strong><a style=\"color: #3366ff;\" href=\"http:\/\/www.futboltotal.com.mx\/2016\/05\/mojan-a-andre-marin-gustavo-mendoza-fox-sports-en-estadio-leon\/\" target=\"_blank\">LEER M\u00c1S: Mojan a comentaristas de Fox Sports en Le\u00f3n<\/a><\/strong><\/span><\/p>\n<p><iframe loading=\"lazy\" src=\"https:\/\/www.youtube.com\/embed\/aQ5cndaSTOo\" frameborder=\"0\" allowfullscreen=\"allowfullscreen\"><\/iframe><\/p>\n","protected":false},"excerpt":{"rendered":"<p>Fallece compositor de Himno de Lucha Libre<\/p>\n","protected":false},"author":20,"featured_media":398233,"comment_status":"closed","ping_status":"closed","sticky":false,"template":"","format":"standard","meta":[],"categories":[5419,5418,6411],"tags":[5771],"_links":{"self":[{"href":"http:\/\/desarrollo.grupomedios.com\/futbol\/wp-json\/wp\/v2\/posts\/398229"}],"collection":[{"href":"http:\/\/desarrollo.grupomedios.com\/futbol\/wp-json\/wp\/v2\/posts"}],"about":[{"href":"http:\/\/desarrollo.grupomedios.com\/futbol\/wp-json\/wp\/v2\/types\/post"}],"author":[{"embeddable":true,"href":"http:\/\/desarrollo.grupomedios.com\/futbol\/wp-json\/wp\/v2\/users\/20"}],"replies":[{"embeddable":true,"href":"http:\/\/desarrollo.grupomedios.com\/futbol\/wp-json\/wp\/v2\/comments?post=398229"}],"version-history":[{"count":0,"href":"http:\/\/desarrollo.grupomedios.com\/futbol\/wp-json\/wp\/v2\/posts\/398229\/revisions"}],"wp:featuredmedia":[{"embeddable":true,"href":"http:\/\/desarrollo.grupomedios.com\/futbol\/wp-json\/wp\/v2\/media\/398233"}],"wp:attachment":[{"href":"http:\/\/desarrollo.grupomedios.com\/futbol\/wp-json\/wp\/v2\/media?parent=398229"}],"wp:term":[{"taxonomy":"category","embeddable":true,"href":"http:\/\/desarrollo.grupomedios.com\/futbol\/wp-json\/wp\/v2\/categories?post=398229"},{"taxonomy":"post_tag","embeddable":true,"href":"http:\/\/desarrollo.grupomedios.com\/futbol\/wp-json\/wp\/v2\/tags?post=398229"}],"curies":[{"name":"wp","href":"https:\/\/api.w.org\/{rel}","templated":true}]}}