{"id":398331,"date":"2016-05-20T12:36:21","date_gmt":"2016-05-20T18:36:21","guid":{"rendered":"http:\/\/www.futboltotal.com.mx\/?p=398331"},"modified":"2016-05-31T11:01:58","modified_gmt":"2016-05-31T17:01:58","slug":"11-ideal-del-tri-jugara-la-copa-america","status":"publish","type":"post","link":"http:\/\/desarrollo.grupomedios.com\/futbol\/destacado-home\/11-ideal-del-tri-jugara-la-copa-america\/2016\/05","title":{"rendered":"11 ideal del Tri que no jugar\u00e1 la Copa Am\u00e9rica"},"content":{"rendered":"<p>Cada vez falta menos para que la <strong>Copa Am\u00e9rica Centenario<\/strong> comience, por eso Juan Carlos Osorio dio su lista definitiva de 23 nombres para conformar la <strong><a href=\"http:\/\/www.futboltotal.com.mx\/futbol-mexicano\/seleccion-mexicana\/\" target=\"_blank\">Selecci\u00f3n Mexicana<\/a><\/strong>, en la cual destaca la ausencia de elementos que bien podr\u00edan estar ah\u00ed si no fuera por la filosof\u00eda de utilizar a jugadores en su perfil natural.<\/p>\n<p>&nbsp;<\/p>\n<p>Es tal el talento de los que se quedaron fuera de la convocatoria que incluso se puede conformar un <strong>11 ideal<\/strong> que ser\u00eda bastante competitivo.<\/p>\n<p><a href=\"http:\/\/www.futboltotal.com.mx\/wp-content\/uploads\/2016\/05\/seleccion-mexicana-copa-america-noticias-2.jpg\" rel=\"attachment wp-att-398341\"><img decoding=\"async\" loading=\"lazy\" class=\"alignnone size-full wp-image-398341\" src=\"http:\/\/www.futboltotal.com.mx\/wp-content\/uploads\/2016\/05\/seleccion-mexicana-copa-america-noticias-2.jpg\" alt=\"seleccion-mexicana-copa-america-noticias--2\" \/><\/a><\/p>\n<p>Pese a que no es del agrado de muchos aficionados, es una realidad que Alejandro Palacios (Pumas) ha sido uno de los mejores porteros de la Liga MX en los \u00faltimos dos a\u00f1os.<\/p>\n<p>Tambi\u00e9n sobresalen las ausencias de Giovani dos Santos (Galaxy) y Carlos Vela (Real Sociedad), quienes estaban en la mente de Osorio pero se negaron; en el caso del atacante que milita en la MLS no dio motivos, pero el <em>Bombardero<\/em> fue porque no estaba en su mejor momento.<\/p>\n<blockquote class=\"twitter-tweet\" data-lang=\"es\">\n<p dir=\"ltr\" lang=\"es\">En lo que llega la <a href=\"https:\/\/twitter.com\/CA2016\">@CA2016<\/a>&#8230;<\/p>\n<p>\u00a1Descarga nuestra app m\u00f3vil y checa el contenido exclusivo que tenemos para ti!<a href=\"https:\/\/t.co\/28QSgyMTyo\">https:\/\/t.co\/28QSgyMTyo<\/a><\/p>\n<p>\u2014 Selecci\u00f3n Nacional (@miseleccionmx) <a href=\"https:\/\/twitter.com\/miseleccionmx\/status\/722851446996078592\">20 de abril de 2016<\/a><\/p><\/blockquote>\n<p><script src=\"\/\/platform.twitter.com\/widgets.js\" async=\"\" charset=\"utf-8\"><\/script><\/p>\n<p>M\u00e1s all\u00e1 de la pre lista de 40 futbolistas\u00a0que dio el timonel del <em>Tri<\/em> en semanas anteriores, tambi\u00e9n destaca que bien podr\u00edan aparecer Alan Pulido (Olympiacos) que no estuviera por sus problemas legales con Tigres; adem\u00e1s de Luis Fuentes (Pumas) que es uno de los laterales izquierdos m\u00e1s regulares del balompi\u00e9 nacional.<\/p>\n<p><em>Crack<\/em>, \u00bfllevar\u00eda a alguno de estos jugadores a la <strong>Copa Am\u00e9rica<\/strong>?<\/p>\n<p><span style=\"color: #ff0000;\"><strong>VIDEO<\/strong>: Las Semifinales de la Liga MX, versi\u00f3n X-Men<\/span><br \/>\n[video_player]https:\/\/player.vimeo.com\/external\/167030131.sd.mp4?s=d0d5fe97174cf1c7402d59880e7f24f220cc81e5&amp;profile_id=165[\/video_player]<\/p>\n","protected":false},"excerpt":{"rendered":"<p>Estos futbolistas conformar\u00edan un equipo competitivo <\/p>\n","protected":false},"author":20,"featured_media":398334,"comment_status":"closed","ping_status":"closed","sticky":false,"template":"","format":"standard","meta":[],"categories":[6950,5,2198,3847,6951],"tags":[2130,5979],"_links":{"self":[{"href":"http:\/\/desarrollo.grupomedios.com\/futbol\/wp-json\/wp\/v2\/posts\/398331"}],"collection":[{"href":"http:\/\/desarrollo.grupomedios.com\/futbol\/wp-json\/wp\/v2\/posts"}],"about":[{"href":"http:\/\/desarrollo.grupomedios.com\/futbol\/wp-json\/wp\/v2\/types\/post"}],"author":[{"embeddable":true,"href":"http:\/\/desarrollo.grupomedios.com\/futbol\/wp-json\/wp\/v2\/users\/20"}],"replies":[{"embeddable":true,"href":"http:\/\/desarrollo.grupomedios.com\/futbol\/wp-json\/wp\/v2\/comments?post=398331"}],"version-history":[{"count":0,"href":"http:\/\/desarrollo.grupomedios.com\/futbol\/wp-json\/wp\/v2\/posts\/398331\/revisions"}],"wp:featuredmedia":[{"embeddable":true,"href":"http:\/\/desarrollo.grupomedios.com\/futbol\/wp-json\/wp\/v2\/media\/398334"}],"wp:attachment":[{"href":"http:\/\/desarrollo.grupomedios.com\/futbol\/wp-json\/wp\/v2\/media?parent=398331"}],"wp:term":[{"taxonomy":"category","embeddable":true,"href":"http:\/\/desarrollo.grupomedios.com\/futbol\/wp-json\/wp\/v2\/categories?post=398331"},{"taxonomy":"post_tag","embeddable":true,"href":"http:\/\/desarrollo.grupomedios.com\/futbol\/wp-json\/wp\/v2\/tags?post=398331"}],"curies":[{"name":"wp","href":"https:\/\/api.w.org\/{rel}","templated":true}]}}