{"id":398430,"date":"2016-05-21T09:22:13","date_gmt":"2016-05-21T15:22:13","guid":{"rendered":"http:\/\/www.futboltotal.com.mx\/?p=398430"},"modified":"2016-05-21T09:33:04","modified_gmt":"2016-05-21T15:33:04","slug":"simeone-espera-al-madrid-jugando-a-la-contra","status":"publish","type":"post","link":"http:\/\/desarrollo.grupomedios.com\/futbol\/destacado-home\/simeone-espera-al-madrid-jugando-a-la-contra\/2016\/05","title":{"rendered":"Simeone espera a un Madrid jugando al contragolpe"},"content":{"rendered":"<p>Previo a la Final de la Champions League, el t\u00e9cnico del Atl\u00e9tico de Madrid<strong> Diego Simeone<\/strong>, habl\u00f3 sobre el partido que espera en Mil\u00e1n y la forma en que su rival, el <strong>Real Madrid<\/strong>, afrontar\u00e1 el partido.<\/p>\n<p><img decoding=\"async\" loading=\"lazy\" class=\"alignnone size-full wp-image-398432\" src=\"http:\/\/www.futboltotal.com.mx\/wp-content\/uploads\/2016\/05\/frase-ft-simeone.jpg\" alt=\"frase-ft-simeone\" \/><\/p>\n<p>El timonel tambi\u00e9n habl\u00f3 sobre la Final en la que cayeron en Lisboa frente a los\u00a0<em>Merengues\u00a0<\/em>y explic\u00f3 que no tienen nada en com\u00fan, pues llegan de forma distinta a la de aquella vez.<\/p>\n<p>&#8220;A la Final de Lisboa llegamos despu\u00e9s de haber ganado una Liga y a esta despu\u00e9s de ser terceros tras una temporada bonita&#8221;, coment\u00f3 el argentino.<\/p>\n<p>&#8220;La expectativa es muy importante, jugaremos ante un rival con jugadores fant\u00e1sticos que est\u00e1 entre los tres mejores del mundo. Trataremos de llevar el partido a donde estemos mas c\u00f3modos y nos sintamos m\u00e1s protegidos&#8221;.<\/p>\n<p style=\"text-align: center;\"><span style=\"color: #3366ff;\">LEER M\u00c1S:\u00a0<a style=\"color: #3366ff;\" href=\"http:\/\/www.futboltotal.com.mx\/2016\/05\/campeones-sin-corona\/\">Los Campeones sin corona<\/a><\/span><\/p>\n<p>Para <strong>Simeone<\/strong> la Final en Lisboa ya qued\u00f3 en el pasado, pues sus jugadores &#8220;se encuentran bien&#8221; y tienen la emoci\u00f3n por volver a jugarla.&#8221;La mejor experiencia es repetir la final&#8221;, dice el timonel.<\/p>\n<p>El entrenador argentino se dio el gusto de felicitar a Zinedine Zidane, pues considera que ha hecho un gran trabajo desde que tom\u00f3 al <strong>Real Madrid.<\/strong><\/p>\n<p>&#8220;Sus meses han sido fabulosos, entr\u00f3 en un momento dif\u00edcil, los jugadores tuvieron un aprecio con \u00e9l y eso se transmite. Les aport\u00f3 un est\u00edmulo, velocidad en ataque, un estilo m\u00e1s concreto de aprovechar la velocidad de sus tres delanteros y ha dado la tranquilidad al plantel para competir y logr\u00f3 acabar segundo tras pelear muy dignamente&#8221;.<\/p>\n","protected":false},"excerpt":{"rendered":"<p>El t\u00e9cnico habl\u00f3 sobre su rival en Mil\u00e1n<\/p>\n","protected":false},"author":20,"featured_media":398433,"comment_status":"closed","ping_status":"closed","sticky":false,"template":"","format":"standard","meta":[],"categories":[3841,5,3839],"tags":[6007,1384,5988],"_links":{"self":[{"href":"http:\/\/desarrollo.grupomedios.com\/futbol\/wp-json\/wp\/v2\/posts\/398430"}],"collection":[{"href":"http:\/\/desarrollo.grupomedios.com\/futbol\/wp-json\/wp\/v2\/posts"}],"about":[{"href":"http:\/\/desarrollo.grupomedios.com\/futbol\/wp-json\/wp\/v2\/types\/post"}],"author":[{"embeddable":true,"href":"http:\/\/desarrollo.grupomedios.com\/futbol\/wp-json\/wp\/v2\/users\/20"}],"replies":[{"embeddable":true,"href":"http:\/\/desarrollo.grupomedios.com\/futbol\/wp-json\/wp\/v2\/comments?post=398430"}],"version-history":[{"count":0,"href":"http:\/\/desarrollo.grupomedios.com\/futbol\/wp-json\/wp\/v2\/posts\/398430\/revisions"}],"wp:featuredmedia":[{"embeddable":true,"href":"http:\/\/desarrollo.grupomedios.com\/futbol\/wp-json\/wp\/v2\/media\/398433"}],"wp:attachment":[{"href":"http:\/\/desarrollo.grupomedios.com\/futbol\/wp-json\/wp\/v2\/media?parent=398430"}],"wp:term":[{"taxonomy":"category","embeddable":true,"href":"http:\/\/desarrollo.grupomedios.com\/futbol\/wp-json\/wp\/v2\/categories?post=398430"},{"taxonomy":"post_tag","embeddable":true,"href":"http:\/\/desarrollo.grupomedios.com\/futbol\/wp-json\/wp\/v2\/tags?post=398430"}],"curies":[{"name":"wp","href":"https:\/\/api.w.org\/{rel}","templated":true}]}}