{"id":398442,"date":"2016-05-21T10:39:27","date_gmt":"2016-05-21T16:39:27","guid":{"rendered":"http:\/\/www.futboltotal.com.mx\/?p=398442"},"modified":"2016-05-21T10:50:24","modified_gmt":"2016-05-21T16:50:24","slug":"piojo-herrera-volo-red-bull","status":"publish","type":"post","link":"http:\/\/desarrollo.grupomedios.com\/futbol\/cambio-de-juego\/piojo-herrera-volo-red-bull\/2016\/05","title":{"rendered":"Piojo Herrera vol\u00f3 con las alas de Red Bull"},"content":{"rendered":"<p>El Director T\u00e9cnico de los <a href=\"http:\/\/www.futboltotal.com.mx\/equipos\/tijuana\/\" target=\"_blank\"><em>Xolos\u00a0<\/em>de\u00a0Tijuana<\/a> <strong>Miguel\u00a0<em>Piojo Herrera<\/em><\/strong>, vivi\u00f3 la aventura de volar en el <strong>Red Bull Air<\/strong> Race realizado en Acapulco.<\/p>\n<p>El ex entrenador de la Selecci\u00f3n Mexicana particip\u00f3 en el evento de exhibici\u00f3n y estuvo a bordo de uno de los aviones junto al piloto chileno Christian Bolton.<\/p>\n<p>\u201cFue una experiencia s\u00faper divertida. Es algo nuevo para m\u00ed y una oportunidad \u00fanica, algo que no se hace en cualquier momento\u201d, dijo <strong>Herrera<\/strong>.<\/p>\n<p><img decoding=\"async\" loading=\"lazy\" class=\"alignnone size-full wp-image-398447\" src=\"http:\/\/www.futboltotal.com.mx\/wp-content\/uploads\/2016\/05\/Red-Bull-Air-Race.jpg\" alt=\"Red-Bull-Air-Race\" \/><\/p>\n<p>Adem\u00e1s de su vuelo, tambi\u00e9n realiz\u00f3 una prueba en realidad virtual, en donde \u00e9l pudo manejar uno de los aviones.<\/p>\n<p style=\"text-align: center;\"><span style=\"color: #3366ff;\">LEER M\u00c1S:\u00a0<a style=\"color: #3366ff;\" href=\"http:\/\/www.futboltotal.com.mx\/2016\/05\/liga-mx-sin-dominante-alguno\/\">Liga MX, \u00bfm\u00e1s competitiva que Europa?<\/a><\/span><\/p>\n<p>El <strong>Red Bull Air Race<\/strong> es una competencia de aviones de carrera que presenta a los mejores pilotos del mundo en la competici\u00f3n m\u00e1s pura de motorsport que combina velocidad, precisi\u00f3n y habilidad.<\/p>\n<p>La parada en Acapulco fue una serie de exhibici\u00f3n previa a la continuaci\u00f3n de la competencia del\u00a04 y 5 de junio en Chiba, Jap\u00f3n.<\/p>\n","protected":false},"excerpt":{"rendered":"<p>El t\u00e9cnico vol\u00f3 uno de los aviones de la marca<\/p>\n","protected":false},"author":20,"featured_media":398444,"comment_status":"closed","ping_status":"closed","sticky":false,"template":"","format":"standard","meta":[],"categories":[5419,6411,5950],"tags":[255,7115,5974],"_links":{"self":[{"href":"http:\/\/desarrollo.grupomedios.com\/futbol\/wp-json\/wp\/v2\/posts\/398442"}],"collection":[{"href":"http:\/\/desarrollo.grupomedios.com\/futbol\/wp-json\/wp\/v2\/posts"}],"about":[{"href":"http:\/\/desarrollo.grupomedios.com\/futbol\/wp-json\/wp\/v2\/types\/post"}],"author":[{"embeddable":true,"href":"http:\/\/desarrollo.grupomedios.com\/futbol\/wp-json\/wp\/v2\/users\/20"}],"replies":[{"embeddable":true,"href":"http:\/\/desarrollo.grupomedios.com\/futbol\/wp-json\/wp\/v2\/comments?post=398442"}],"version-history":[{"count":0,"href":"http:\/\/desarrollo.grupomedios.com\/futbol\/wp-json\/wp\/v2\/posts\/398442\/revisions"}],"wp:featuredmedia":[{"embeddable":true,"href":"http:\/\/desarrollo.grupomedios.com\/futbol\/wp-json\/wp\/v2\/media\/398444"}],"wp:attachment":[{"href":"http:\/\/desarrollo.grupomedios.com\/futbol\/wp-json\/wp\/v2\/media?parent=398442"}],"wp:term":[{"taxonomy":"category","embeddable":true,"href":"http:\/\/desarrollo.grupomedios.com\/futbol\/wp-json\/wp\/v2\/categories?post=398442"},{"taxonomy":"post_tag","embeddable":true,"href":"http:\/\/desarrollo.grupomedios.com\/futbol\/wp-json\/wp\/v2\/tags?post=398442"}],"curies":[{"name":"wp","href":"https:\/\/api.w.org\/{rel}","templated":true}]}}