{"id":398452,"date":"2016-05-21T11:23:02","date_gmt":"2016-05-21T17:23:02","guid":{"rendered":"http:\/\/www.futboltotal.com.mx\/?p=398452"},"modified":"2016-05-31T11:05:42","modified_gmt":"2016-05-31T17:05:42","slug":"nahuel-guzman-en-lista-copa-america","status":"publish","type":"post","link":"http:\/\/desarrollo.grupomedios.com\/futbol\/futbol-mexicano\/nahuel-guzman-en-lista-copa-america\/2016\/05","title":{"rendered":"Nahuel Guzm\u00e1n, en lista de Argentina para Copa Am\u00e9rica"},"content":{"rendered":"<p>El t\u00e9cnico argentino Gerardo Martino, defini\u00f3 la lista de 23 jugadores que participar\u00e1n con Argentina en la pr\u00f3xima Copa Am\u00e9rica Centenario, en donde destaca la inclusi\u00f3n del portero de los Tigres, Nahuel Guzm\u00e1n.<\/p>\n<p>La lista tuvo solo un par de sorpresas, pues el delantero de Boca Juniors Carlos Tevez, qued\u00f3 fuera de la convocatoria.<\/p>\n<blockquote class=\"twitter-tweet\" data-lang=\"es\">\n<p dir=\"ltr\" lang=\"es\"><a href=\"https:\/\/twitter.com\/hashtag\/CopaAm%C3%A9rica?src=hash\">#CopaAm\u00e9rica<\/a> \u00bfYa conoc\u00e9s a los 23 elegidos de <a href=\"https:\/\/twitter.com\/Argentina\">@Argentina<\/a> para la Copa Centenario? <a href=\"https:\/\/t.co\/MNqI2Fddrj\">https:\/\/t.co\/MNqI2Fddrj<\/a> <a href=\"https:\/\/t.co\/QlhDCPNUGl\">pic.twitter.com\/QlhDCPNUGl<\/a><\/p>\n<p>\u2014 Selecci\u00f3n Argentina (@Argentina) <a href=\"https:\/\/twitter.com\/Argentina\/status\/734052402827927552\">21 de mayo de 2016<\/a><\/p><\/blockquote>\n<p><script src=\"\/\/platform.twitter.com\/widgets.js\" async=\"\" charset=\"utf-8\"><\/script><\/p>\n<p>Ante la baja de Pablo Zabaleta, el\u00a0<em>Tata\u00a0<\/em>sorprendi\u00f3 con la elecci\u00f3n del lateral de Independeinte de Avellaneda, V\u00edctor Cuesta.<\/p>\n<p>Dentro de la plantilla de 23, tambi\u00e9n destaca la figura de la Juventus, Paulo Dybala, que ser\u00e1 la alternativa Gonzalo Higua\u00edn y a Sergio\u00a0<em>Kun\u00a0<\/em>Ag\u00fcero.<\/p>\n","protected":false},"excerpt":{"rendered":"<p>El portero de Tigres fue convocado por Gerardo Martino<\/p>\n","protected":false},"author":20,"featured_media":398453,"comment_status":"closed","ping_status":"closed","sticky":false,"template":"","format":"standard","meta":[],"categories":[6950,2198,6953,5950],"tags":[5996,6129,5973],"_links":{"self":[{"href":"http:\/\/desarrollo.grupomedios.com\/futbol\/wp-json\/wp\/v2\/posts\/398452"}],"collection":[{"href":"http:\/\/desarrollo.grupomedios.com\/futbol\/wp-json\/wp\/v2\/posts"}],"about":[{"href":"http:\/\/desarrollo.grupomedios.com\/futbol\/wp-json\/wp\/v2\/types\/post"}],"author":[{"embeddable":true,"href":"http:\/\/desarrollo.grupomedios.com\/futbol\/wp-json\/wp\/v2\/users\/20"}],"replies":[{"embeddable":true,"href":"http:\/\/desarrollo.grupomedios.com\/futbol\/wp-json\/wp\/v2\/comments?post=398452"}],"version-history":[{"count":0,"href":"http:\/\/desarrollo.grupomedios.com\/futbol\/wp-json\/wp\/v2\/posts\/398452\/revisions"}],"wp:featuredmedia":[{"embeddable":true,"href":"http:\/\/desarrollo.grupomedios.com\/futbol\/wp-json\/wp\/v2\/media\/398453"}],"wp:attachment":[{"href":"http:\/\/desarrollo.grupomedios.com\/futbol\/wp-json\/wp\/v2\/media?parent=398452"}],"wp:term":[{"taxonomy":"category","embeddable":true,"href":"http:\/\/desarrollo.grupomedios.com\/futbol\/wp-json\/wp\/v2\/categories?post=398452"},{"taxonomy":"post_tag","embeddable":true,"href":"http:\/\/desarrollo.grupomedios.com\/futbol\/wp-json\/wp\/v2\/tags?post=398452"}],"curies":[{"name":"wp","href":"https:\/\/api.w.org\/{rel}","templated":true}]}}