{"id":398455,"date":"2016-05-21T14:45:18","date_gmt":"2016-05-21T20:45:18","guid":{"rendered":"http:\/\/www.futboltotal.com.mx\/?p=398455"},"modified":"2016-05-21T15:03:10","modified_gmt":"2016-05-21T21:03:10","slug":"ya-oficial-nace-chivastv","status":"publish","type":"post","link":"http:\/\/desarrollo.grupomedios.com\/futbol\/destacado-home\/ya-oficial-nace-chivastv\/2016\/05","title":{"rendered":"\u00a1Ya es oficial, nace ChivasTV!"},"content":{"rendered":"<p>Despu\u00e9s de una serie de especulaciones sobre c\u00f3mo se iban a transmitir sus partidos, este s\u00e1bado las\u00a0<a href=\"http:\/\/www.futboltotal.com.mx\/equipos\/guadalajara\/\" target=\"_blank\"><em>Chivas\u00a0<\/em>de Guadalajara<\/a> terminaron con los rumores y presentaron su nueva plataforma: <strong>ChivasTV<\/strong><\/p>\n<blockquote class=\"twitter-video\" data-lang=\"es\">\n<p dir=\"ltr\" lang=\"es\">Bienvenidos a una nueva era, \u00a1bienvenidos a Chivas TV! <a href=\"https:\/\/twitter.com\/hashtag\/ChivasLibre?src=hash\">#ChivasLibre<\/a> <a href=\"https:\/\/twitter.com\/hashtag\/Uni%C3%B3nNacional?src=hash\">#Uni\u00f3nNacional<\/a> <a href=\"https:\/\/t.co\/UhqIRJSNm4\">https:\/\/t.co\/UhqIRJSNm4<\/a><\/p>\n<p>\u2014 CHIVAS (@Chivas) <a href=\"https:\/\/twitter.com\/Chivas\/status\/734063219891933184\">21 de mayo de 2016<\/a><\/p><\/blockquote>\n<p><script src=\"\/\/platform.twitter.com\/widgets.js\" async=\"\" charset=\"utf-8\"><\/script>A trav\u00e9s de un spot de aproximadamente minuto y medio, el due\u00f1o del equipo, Jorge Vergara, aparece junto a Jos\u00e9 Luis Higuera, CEO de Grupo Omnilife-Chivas y Mat\u00edas Almeyda, t\u00e9cnico del equipo.<\/p>\n<p>Apenas el pasado jueves Guadalajara anunci\u00f3 que no hab\u00eda renovaci\u00f3n Televisa y que iban a revolucionar la forma en transmitir los partidos, de donde parti\u00f3 el rumor sobre la nueva plataforma que se buscaba.<img decoding=\"async\" loading=\"lazy\" class=\"alignnone size-full wp-image-398457\" src=\"http:\/\/www.futboltotal.com.mx\/wp-content\/uploads\/2016\/05\/Vergara-almeyda.jpg\" alt=\"Vergara-almeyda\" \/><\/p>\n<p>&#8220;Van a poder ver a <em>Chivas<\/em> de una manera muy diferente, de una forma que nunca lo han visto&#8221;, declar\u00f3 Vergara el pasado jueves.<\/p>\n","protected":false},"excerpt":{"rendered":"<p>El club anunci\u00f3 la nueva plataforma para transmitir sus partidos<\/p>\n","protected":false},"author":20,"featured_media":398456,"comment_status":"closed","ping_status":"closed","sticky":false,"template":"","format":"standard","meta":[],"categories":[5,2198,3845],"tags":[70,7117,5963,64],"_links":{"self":[{"href":"http:\/\/desarrollo.grupomedios.com\/futbol\/wp-json\/wp\/v2\/posts\/398455"}],"collection":[{"href":"http:\/\/desarrollo.grupomedios.com\/futbol\/wp-json\/wp\/v2\/posts"}],"about":[{"href":"http:\/\/desarrollo.grupomedios.com\/futbol\/wp-json\/wp\/v2\/types\/post"}],"author":[{"embeddable":true,"href":"http:\/\/desarrollo.grupomedios.com\/futbol\/wp-json\/wp\/v2\/users\/20"}],"replies":[{"embeddable":true,"href":"http:\/\/desarrollo.grupomedios.com\/futbol\/wp-json\/wp\/v2\/comments?post=398455"}],"version-history":[{"count":0,"href":"http:\/\/desarrollo.grupomedios.com\/futbol\/wp-json\/wp\/v2\/posts\/398455\/revisions"}],"wp:featuredmedia":[{"embeddable":true,"href":"http:\/\/desarrollo.grupomedios.com\/futbol\/wp-json\/wp\/v2\/media\/398456"}],"wp:attachment":[{"href":"http:\/\/desarrollo.grupomedios.com\/futbol\/wp-json\/wp\/v2\/media?parent=398455"}],"wp:term":[{"taxonomy":"category","embeddable":true,"href":"http:\/\/desarrollo.grupomedios.com\/futbol\/wp-json\/wp\/v2\/categories?post=398455"},{"taxonomy":"post_tag","embeddable":true,"href":"http:\/\/desarrollo.grupomedios.com\/futbol\/wp-json\/wp\/v2\/tags?post=398455"}],"curies":[{"name":"wp","href":"https:\/\/api.w.org\/{rel}","templated":true}]}}