{"id":398461,"date":"2016-05-21T13:08:16","date_gmt":"2016-05-21T19:08:16","guid":{"rendered":"http:\/\/www.futboltotal.com.mx\/?p=398461"},"modified":"2016-05-21T13:08:16","modified_gmt":"2016-05-21T19:08:16","slug":"alan-pardew-festejo-al-puro-estilo-tomas-boy","status":"publish","type":"post","link":"http:\/\/desarrollo.grupomedios.com\/futbol\/videos\/alan-pardew-festejo-al-puro-estilo-tomas-boy\/2016\/05","title":{"rendered":"Alan Pardew festej\u00f3 al puro estilo de Tom\u00e1s Boy"},"content":{"rendered":"<p>Despu\u00e9s de que el <strong>Crystal Palace<\/strong> se adelantara en el marcador en la Final de la FA Cup contra el Manchester United, el t\u00e9cnico del Crystal,<strong> Alan Pardew<\/strong>, festej\u00f3 con un baile al estilo Tom\u00e1s Boy.<\/p>\n<p>Aqu\u00ed el momento en que las c\u00e1maras captaron su celebraci\u00f3n.<\/p>\n<p><iframe loading=\"lazy\" src=\"https:\/\/www.youtube.com\/embed\/3nJ9Ha--pAg\" frameborder=\"0\" allowfullscreen=\"allowfullscreen\"><\/iframe><\/p>\n<p>\u00bfC\u00f3mo ven, cracks? \u00bfEs mejor el de Tom\u00e1s Boy o el de Alan Pardew? Utedes deciden.<\/p>\n<p><iframe loading=\"lazy\" src=\"https:\/\/www.youtube.com\/embed\/ffxgzniB2tU\" frameborder=\"0\" allowfullscreen=\"allowfullscreen\"><\/iframe><\/p>\n","protected":false},"excerpt":{"rendered":"<p>El t\u00e9cnico festej\u00f3 la primera anotaci\u00f3n de su equipo<\/p>\n","protected":false},"author":20,"featured_media":398462,"comment_status":"closed","ping_status":"closed","sticky":false,"template":"","format":"standard","meta":[],"categories":[3839,4],"tags":[2611,2348,43],"_links":{"self":[{"href":"http:\/\/desarrollo.grupomedios.com\/futbol\/wp-json\/wp\/v2\/posts\/398461"}],"collection":[{"href":"http:\/\/desarrollo.grupomedios.com\/futbol\/wp-json\/wp\/v2\/posts"}],"about":[{"href":"http:\/\/desarrollo.grupomedios.com\/futbol\/wp-json\/wp\/v2\/types\/post"}],"author":[{"embeddable":true,"href":"http:\/\/desarrollo.grupomedios.com\/futbol\/wp-json\/wp\/v2\/users\/20"}],"replies":[{"embeddable":true,"href":"http:\/\/desarrollo.grupomedios.com\/futbol\/wp-json\/wp\/v2\/comments?post=398461"}],"version-history":[{"count":0,"href":"http:\/\/desarrollo.grupomedios.com\/futbol\/wp-json\/wp\/v2\/posts\/398461\/revisions"}],"wp:featuredmedia":[{"embeddable":true,"href":"http:\/\/desarrollo.grupomedios.com\/futbol\/wp-json\/wp\/v2\/media\/398462"}],"wp:attachment":[{"href":"http:\/\/desarrollo.grupomedios.com\/futbol\/wp-json\/wp\/v2\/media?parent=398461"}],"wp:term":[{"taxonomy":"category","embeddable":true,"href":"http:\/\/desarrollo.grupomedios.com\/futbol\/wp-json\/wp\/v2\/categories?post=398461"},{"taxonomy":"post_tag","embeddable":true,"href":"http:\/\/desarrollo.grupomedios.com\/futbol\/wp-json\/wp\/v2\/tags?post=398461"}],"curies":[{"name":"wp","href":"https:\/\/api.w.org\/{rel}","templated":true}]}}