{"id":398474,"date":"2016-05-21T14:38:07","date_gmt":"2016-05-21T20:38:07","guid":{"rendered":"http:\/\/www.futboltotal.com.mx\/?p=398474"},"modified":"2016-05-21T14:38:07","modified_gmt":"2016-05-21T20:38:07","slug":"jose-mourinho-sera-tecnico-del-manchester-united","status":"publish","type":"post","link":"http:\/\/desarrollo.grupomedios.com\/futbol\/destacado-home\/jose-mourinho-sera-tecnico-del-manchester-united\/2016\/05","title":{"rendered":"Jos\u00e9 Mourinho ser\u00e1 t\u00e9cnico del Manchester United"},"content":{"rendered":"<p>A pesar de que el Manchester United se coron\u00f3 en la FA Cup, <strong>Jos\u00e9 Mourinho<\/strong> ser\u00e1 el nuevo entrenador del <strong>Manchester United<\/strong>, sustituyendo Louis van Gaal.<\/p>\n<p>El acuerdo entre <strong>Mourinho<\/strong> y la Directiva del <strong>Manchester United<\/strong> se dio desde antes del partido de este s\u00e1bado frente al Crystal Palace, pues ya llevaban varias semanas de negociaciones con el agente del portugu\u00e9s Jorge Mendes y con <em>Mou,<\/em>\u00a0seg\u00fan informa la cadena BBC.<\/p>\n<p>Un hecho importante para la decisi\u00f3n de los mandatarios del United, es el hecho de que van Gaal no clasificara al equipo a la pr\u00f3xima Champions League, a pesar de que ha gastado 375 millones de d\u00f3lares desde que tom\u00f3 el mando.<\/p>\n<p style=\"text-align: center;\"><span style=\"color: #3366ff;\">LEER M\u00c1S:\u00a0<a style=\"color: #3366ff;\" href=\"http:\/\/www.futboltotal.com.mx\/2016\/05\/manchester-united-campeon-la-fa-cup\/\" target=\"_blank\">Manchester United Campe\u00f3n de la FA Cup<\/a><\/span><\/p>\n<p>El club planea presentar al t\u00e9cnico portugu\u00e9s el pr\u00f3ximo martes para que pueda comenzar a planear su temporada como nuevo entrenador de los\u00a0<em>Red Devils.<\/em><\/p>\n<p>Por otra parte, a Louis van Gaal todav\u00eda le queda un a\u00f1o m\u00e1s de contrato, por lo que la Directiva pens\u00f3 darle el puesto como Director Deportivo, pero su mala relaci\u00f3n con algunos jugadores, les ha hecho cambiar de decisi\u00f3n y despedir\u00e1n al holand\u00e9s el pr\u00f3ximo lunes.<\/p>\n<p>\u00bfTendremos un nuevo Cl\u00e1sico de Manchester con Guardiola y <strong>Mourinho<\/strong>?<\/p>\n","protected":false},"excerpt":{"rendered":"<p>El portugu\u00e9s ser\u00e1 presentado el martes<\/p>\n","protected":false},"author":20,"featured_media":351855,"comment_status":"closed","ping_status":"closed","sticky":false,"template":"","format":"standard","meta":[],"categories":[5,3839],"tags":[288,780,43],"_links":{"self":[{"href":"http:\/\/desarrollo.grupomedios.com\/futbol\/wp-json\/wp\/v2\/posts\/398474"}],"collection":[{"href":"http:\/\/desarrollo.grupomedios.com\/futbol\/wp-json\/wp\/v2\/posts"}],"about":[{"href":"http:\/\/desarrollo.grupomedios.com\/futbol\/wp-json\/wp\/v2\/types\/post"}],"author":[{"embeddable":true,"href":"http:\/\/desarrollo.grupomedios.com\/futbol\/wp-json\/wp\/v2\/users\/20"}],"replies":[{"embeddable":true,"href":"http:\/\/desarrollo.grupomedios.com\/futbol\/wp-json\/wp\/v2\/comments?post=398474"}],"version-history":[{"count":0,"href":"http:\/\/desarrollo.grupomedios.com\/futbol\/wp-json\/wp\/v2\/posts\/398474\/revisions"}],"wp:featuredmedia":[{"embeddable":true,"href":"http:\/\/desarrollo.grupomedios.com\/futbol\/wp-json\/wp\/v2\/media\/351855"}],"wp:attachment":[{"href":"http:\/\/desarrollo.grupomedios.com\/futbol\/wp-json\/wp\/v2\/media?parent=398474"}],"wp:term":[{"taxonomy":"category","embeddable":true,"href":"http:\/\/desarrollo.grupomedios.com\/futbol\/wp-json\/wp\/v2\/categories?post=398474"},{"taxonomy":"post_tag","embeddable":true,"href":"http:\/\/desarrollo.grupomedios.com\/futbol\/wp-json\/wp\/v2\/tags?post=398474"}],"curies":[{"name":"wp","href":"https:\/\/api.w.org\/{rel}","templated":true}]}}