{"id":398476,"date":"2016-05-21T14:59:06","date_gmt":"2016-05-21T20:59:06","guid":{"rendered":"http:\/\/www.futboltotal.com.mx\/?p=398476"},"modified":"2016-05-22T11:24:20","modified_gmt":"2016-05-22T17:24:20","slug":"guardiola-se-va-del-bayern-campeon-copa","status":"publish","type":"post","link":"http:\/\/desarrollo.grupomedios.com\/futbol\/futbol-internacional\/guardiola-se-va-del-bayern-campeon-copa\/2016\/05","title":{"rendered":"Guardiola se despide del Bayern&#8230; \u00a1como campe\u00f3n de Copa!"},"content":{"rendered":"<p>El <strong>Bayern Munich<\/strong> se llev\u00f3 el t\u00edtulo de la <strong>DFB Pokal<\/strong> despu\u00e9s de vencer a en la serie de penales (4) 0-0 (3) al <strong>Borussia Dortmund<\/strong>, en lo que fue el \u00faltimo partido de Mats Hummels como jugador del Dortmund y de\u00a0<em>Pep\u00a0<\/em>Guardiola como t\u00e9cnico\u00a0<em>b\u00e1varo.<\/em><\/p>\n<blockquote class=\"twitter-tweet\" data-lang=\"es\">\n<p dir=\"ltr\" lang=\"und\">\u00a1<a href=\"https:\/\/twitter.com\/hashtag\/MIASANCAMPEONESDECOPA?src=hash\">#MIASANCAMPEONESDECOPA<\/a> 2016! ???? <a href=\"https:\/\/twitter.com\/hashtag\/FCBBVB?src=hash\">#FCBBVB<\/a> ???? <a href=\"https:\/\/t.co\/ZYojb6YI3x\">pic.twitter.com\/ZYojb6YI3x<\/a><\/p>\n<p>\u2014 FC Bayern Espa\u00f1ol (@FCBayernES) <a href=\"https:\/\/twitter.com\/FCBayernES\/status\/734124922822397952\">21 de mayo de 2016<\/a><\/p><\/blockquote>\n<p><script src=\"\/\/platform.twitter.com\/widgets.js\" async=\"\" charset=\"utf-8\"><\/script><\/p>\n<p>Desde el comienzo del partido se vivi\u00f3 un ambiente espectacular en el Estadio Ol\u00edmpico de Berl\u00edn, pues como es costumbre ambas aficiones se desvivieron por sus equipos presentando mosaicos espectaculares.<\/p>\n<p>&nbsp;<\/p>\n<p style=\"text-align: center;\"><strong><span style=\"color: #3366ff;\">LEER M\u00c1S:\u00a0<a style=\"color: #3366ff;\" href=\"http:\/\/www.futboltotal.com.mx\/2016\/05\/manchester-united-campeon-la-fa-cup\/\">CON REMONTADA, EL MANCHESTER UNITED GANA LA FA CUP<\/a><\/span><\/strong><\/p>\n<p>El <strong>Bayern Munich<\/strong> comenz\u00f3 atacando desde el primer minuto, pero durante todo el partido se enfrent\u00f3 a una muralla amarilla que no dejaba pasar nada y buscaba resolver en un contragolpe con Pierre-Emerick Aubameyang.<\/p>\n<p>As\u00ed el juego lleg\u00f3 hasta los penales, en donde Bender y Sokratis fallaron para el<strong> Dortmund<\/strong> y el brasile\u00f1o Douglas Costa sentenci\u00f3 con el \u00faltimo penal para darle otro t\u00edtulo al <strong>Bayern Munich<\/strong>.<\/p>\n","protected":false},"excerpt":{"rendered":"<p>Los B\u00e1varos se impusieron al Borussia Dortmund en penales<\/p>\n","protected":false},"author":20,"featured_media":398648,"comment_status":"closed","ping_status":"closed","sticky":false,"template":"","format":"standard","meta":[],"categories":[3839,5951],"tags":[2056,2510],"_links":{"self":[{"href":"http:\/\/desarrollo.grupomedios.com\/futbol\/wp-json\/wp\/v2\/posts\/398476"}],"collection":[{"href":"http:\/\/desarrollo.grupomedios.com\/futbol\/wp-json\/wp\/v2\/posts"}],"about":[{"href":"http:\/\/desarrollo.grupomedios.com\/futbol\/wp-json\/wp\/v2\/types\/post"}],"author":[{"embeddable":true,"href":"http:\/\/desarrollo.grupomedios.com\/futbol\/wp-json\/wp\/v2\/users\/20"}],"replies":[{"embeddable":true,"href":"http:\/\/desarrollo.grupomedios.com\/futbol\/wp-json\/wp\/v2\/comments?post=398476"}],"version-history":[{"count":0,"href":"http:\/\/desarrollo.grupomedios.com\/futbol\/wp-json\/wp\/v2\/posts\/398476\/revisions"}],"wp:featuredmedia":[{"embeddable":true,"href":"http:\/\/desarrollo.grupomedios.com\/futbol\/wp-json\/wp\/v2\/media\/398648"}],"wp:attachment":[{"href":"http:\/\/desarrollo.grupomedios.com\/futbol\/wp-json\/wp\/v2\/media?parent=398476"}],"wp:term":[{"taxonomy":"category","embeddable":true,"href":"http:\/\/desarrollo.grupomedios.com\/futbol\/wp-json\/wp\/v2\/categories?post=398476"},{"taxonomy":"post_tag","embeddable":true,"href":"http:\/\/desarrollo.grupomedios.com\/futbol\/wp-json\/wp\/v2\/tags?post=398476"}],"curies":[{"name":"wp","href":"https:\/\/api.w.org\/{rel}","templated":true}]}}