{"id":398517,"date":"2016-05-21T18:37:51","date_gmt":"2016-05-22T00:37:51","guid":{"rendered":"http:\/\/www.futboltotal.com.mx\/?p=398517"},"modified":"2016-05-31T11:07:25","modified_gmt":"2016-05-31T17:07:25","slug":"estados-unidos-se-olvida-los-mexicanos-la-copa-america","status":"publish","type":"post","link":"http:\/\/desarrollo.grupomedios.com\/futbol\/futbol-internacional\/estados-unidos-se-olvida-los-mexicanos-la-copa-america\/2016\/05","title":{"rendered":"EU se olvida de los mexicanos para la Copa Am\u00e9rica"},"content":{"rendered":"<p>El t\u00e9cnico de la selecci\u00f3n de <strong>Estados Unidos<\/strong>, J\u00fcrgen Klinsmann, dio a conocer la <strong>lista de 23 convocados<\/strong> para disputar la <strong>Copa Am\u00e9rica<\/strong>; ah\u00ed sobresale que de la Liga MX s\u00f3lo Michael Orozco se qued\u00f3 en el corte final.<\/p>\n<p>De esta forma el estratega alem\u00e1n dej\u00f3 fuera a Ventura Alvarado, Omar Gonz\u00e1lez y \u00c9dgar Castillo; adem\u00e1s que el portero William Yarbrough no estuvo ni en los primeros 40 candidatos.<\/p>\n<p>La principal novedad fue la aparici\u00f3n del atacante del Borussia Dortmund, Christian Pulisic, quien s\u00f3lo anotara dos tantos con su club.<\/p>\n<blockquote class=\"twitter-tweet\" data-lang=\"es\">\n<p dir=\"ltr\" lang=\"en\">Here is the <a href=\"https:\/\/twitter.com\/hashtag\/USMNT23?src=hash\">#USMNT23<\/a> for <a href=\"https:\/\/twitter.com\/CA2016\">@CA2016<\/a>: <a href=\"https:\/\/t.co\/nFDzEebiHt\">https:\/\/t.co\/nFDzEebiHt<\/a> <a href=\"https:\/\/t.co\/Lv2vaEsE9G\">pic.twitter.com\/Lv2vaEsE9G<\/a><\/p>\n<p>\u2014 U.S. Soccer (@ussoccer) <a href=\"https:\/\/twitter.com\/ussoccer\/status\/734120153668014080\">21 de mayo de 2016<\/a><\/p><\/blockquote>\n<p><script src=\"\/\/platform.twitter.com\/widgets.js\" async=\"\" charset=\"utf-8\"><\/script><\/p>\n<p>Aqu\u00ed la lista completa de convocados de <strong>Estados Unidos<\/strong>:<\/p>\n<p><strong>Arqueros<\/strong><strong>:<\/strong>\u00a0Brad Guzan (Aston Villa), Tim Howard (Colorado Rapids), Ethan Horvath (Molde).<\/p>\n<p><strong>Defensas<\/strong><strong>:<\/strong>\u00a0Matt Besler (Sporting Kansas City), Steve Birnbaum (DC United), John Brooks (Hertha Berlin), Geoff Cameron (Stoke City), Timmy Chandler (Eintracht Frankfurt), Fabian Johnson (Borussia Monchengladbach), Michael Orozco (Club Tijuana), DeAndre Yedlin (Tottenham).<\/p>\n<p><strong>Mediocampistas<\/strong>:\u00a0Kyle Beckerman (Real Salt Lake), Alejandro Bedoya (Nantes), Michael Bradley (Toronto FC), Jermaine Jones (Colorado Rapids), Perry Kitchen (Heart of Midlothian), Darlington Nagbe (Portland Timbers), Christian Pulisic (Borussia Dortmund), Graham Zusi (Sporting Kansas City).<\/p>\n<p><strong>Delanteros<\/strong><strong>:<\/strong>\u00a0Gyasi Zardes (Los Angeles Galaxy), Bobby Wood (Hamburg), Clint Dempsey (Seattle Sounders), Chris Wondolowksi (San Jos\u00e9 Earthquakes).<\/p>\n","protected":false},"excerpt":{"rendered":"<p>Klinsmann dio la lista final de 23 convocados para el torneo <\/p>\n","protected":false},"author":20,"featured_media":398518,"comment_status":"closed","ping_status":"closed","sticky":false,"template":"","format":"standard","meta":[],"categories":[6950,3839,6953,5951],"tags":[2130],"_links":{"self":[{"href":"http:\/\/desarrollo.grupomedios.com\/futbol\/wp-json\/wp\/v2\/posts\/398517"}],"collection":[{"href":"http:\/\/desarrollo.grupomedios.com\/futbol\/wp-json\/wp\/v2\/posts"}],"about":[{"href":"http:\/\/desarrollo.grupomedios.com\/futbol\/wp-json\/wp\/v2\/types\/post"}],"author":[{"embeddable":true,"href":"http:\/\/desarrollo.grupomedios.com\/futbol\/wp-json\/wp\/v2\/users\/20"}],"replies":[{"embeddable":true,"href":"http:\/\/desarrollo.grupomedios.com\/futbol\/wp-json\/wp\/v2\/comments?post=398517"}],"version-history":[{"count":0,"href":"http:\/\/desarrollo.grupomedios.com\/futbol\/wp-json\/wp\/v2\/posts\/398517\/revisions"}],"wp:featuredmedia":[{"embeddable":true,"href":"http:\/\/desarrollo.grupomedios.com\/futbol\/wp-json\/wp\/v2\/media\/398518"}],"wp:attachment":[{"href":"http:\/\/desarrollo.grupomedios.com\/futbol\/wp-json\/wp\/v2\/media?parent=398517"}],"wp:term":[{"taxonomy":"category","embeddable":true,"href":"http:\/\/desarrollo.grupomedios.com\/futbol\/wp-json\/wp\/v2\/categories?post=398517"},{"taxonomy":"post_tag","embeddable":true,"href":"http:\/\/desarrollo.grupomedios.com\/futbol\/wp-json\/wp\/v2\/tags?post=398517"}],"curies":[{"name":"wp","href":"https:\/\/api.w.org\/{rel}","templated":true}]}}