{"id":398631,"date":"2016-05-22T13:10:18","date_gmt":"2016-05-22T19:10:18","guid":{"rendered":"http:\/\/www.futboltotal.com.mx\/?p=398631"},"modified":"2016-05-22T16:14:00","modified_gmt":"2016-05-22T22:14:00","slug":"en-vivo-barcelona-vs-sevilla-final-copa-del-rey","status":"publish","type":"post","link":"http:\/\/desarrollo.grupomedios.com\/futbol\/futbol-internacional\/en-vivo-barcelona-vs-sevilla-final-copa-del-rey\/2016\/05","title":{"rendered":"AS\u00cd SE VIVI\u00d3 | Barcelona 2-0 Sevilla | Final Copa del Rey"},"content":{"rendered":"<p><a class=\"twitter-timeline\" href=\"https:\/\/twitter.com\/search?q=from%3AFCBarcelona_es%2C%20OR%20from%3ASevillaFC\" data-widget-id=\"734415039151493120\">Tweets sobre from:FCBarcelona_es, OR from:SevillaFC<\/a><script>\/\/ <![CDATA[\n!function(d,s,id){var js,fjs=d.getElementsByTagName(s)[0],p=\/^http:\/.test(d.location)?'http':'https';if(!d.getElementById(id)){js=d.createElement(s);js.id=id;js.src=p+\":\/\/platform.twitter.com\/widgets.js\";fjs.parentNode.insertBefore(js,fjs);}}(document,\"script\",\"twitter-wjs\");\n\/\/ ]]><\/script><\/p>\n<p><strong>Barcelona<\/strong> y <strong>Sevilla<\/strong> intentar\u00e1n alzar la<strong> Copa del Rey<\/strong> este domingo en el estadio Vicente Calder\u00f3n, ambos buscando un segundo t\u00edtulo en la temporada, y en el caso de los <em>Blaugranas<\/em>\u00a0tambi\u00e9n el bicampeonato en esta competencia.<\/p>\n<p>Los <em>Cul\u00e9s<\/em>\u00a0se adjudicaron un triunfo apenas por un punto de diferencia en la Liga de Espa\u00f1a esta campa\u00f1a. Adem\u00e1s, se impusieron a Athletic Club 3-1 en la final disputada en 2015, por lo que desean retener el campeonato por cuarta vez.<\/p>\n<p style=\"text-align: center;\"><span style=\"color: #3366ff;\"><strong><a style=\"color: #3366ff;\" href=\"http:\/\/www.futboltotal.com.mx\/futbol-internacional\/mexicanos-en-europa\/\">LEER M\u00c1S: Todas las noticias de futbol internacional<\/a><\/strong><\/span><\/p>\n<p style=\"text-align: left;\">En los logros hist\u00f3ricos de los blaugranas en este escenario, destacan sus tres bicampeonatos en 1912-1913, 1925-1926 y en 1997-1998, adem\u00e1s de la m\u00e1xima racha de tres al hilo obtenidos en 1951-1952-1953.<\/p>\n<p>El entrenador de los catalanes, Luis Enrique, admiti\u00f3 que trabajaron espec\u00edficamente para ganar su Copa n\u00famero 28 y su pr\u00f3ximo adversario es de cuidado.<\/p>\n<p>\u201cEs con nosotros, de los equipos m\u00e1s acostumbrados a jugar finales y son especialistas en darle la vuelta a situaciones complicadas\u201d, apunt\u00f3.<\/p>\n<p><strong>Sevilla<\/strong> tambi\u00e9n tendr\u00e1 la oportunidad de subirse al podio por segunda ocasi\u00f3n en el a\u00f1o, gracias a que se proclamaron tricampeones de la Europa League al vencer a Liverpool 3-1.<\/p>\n<p>El director t\u00e9cnico Unai Emery destac\u00f3 que llegar a una Copa del Rey no es muy com\u00fan y deber\u00e1 aprovechar la ocasi\u00f3n. Adem\u00e1s de que la confianza adquirida en Basilea: \u201cSer\u00e1 la mejor arma, nuestra ilusi\u00f3n puede ser nuestro argumento\u201d.<\/p>\n","protected":false},"excerpt":{"rendered":"<p>El Bar\u00e7a consigui\u00f3 el doblete en la temporada 2015-16<\/p>\n","protected":false},"author":20,"featured_media":398720,"comment_status":"closed","ping_status":"closed","sticky":false,"template":"","format":"standard","meta":[],"categories":[3839,3844],"tags":[96],"_links":{"self":[{"href":"http:\/\/desarrollo.grupomedios.com\/futbol\/wp-json\/wp\/v2\/posts\/398631"}],"collection":[{"href":"http:\/\/desarrollo.grupomedios.com\/futbol\/wp-json\/wp\/v2\/posts"}],"about":[{"href":"http:\/\/desarrollo.grupomedios.com\/futbol\/wp-json\/wp\/v2\/types\/post"}],"author":[{"embeddable":true,"href":"http:\/\/desarrollo.grupomedios.com\/futbol\/wp-json\/wp\/v2\/users\/20"}],"replies":[{"embeddable":true,"href":"http:\/\/desarrollo.grupomedios.com\/futbol\/wp-json\/wp\/v2\/comments?post=398631"}],"version-history":[{"count":0,"href":"http:\/\/desarrollo.grupomedios.com\/futbol\/wp-json\/wp\/v2\/posts\/398631\/revisions"}],"wp:featuredmedia":[{"embeddable":true,"href":"http:\/\/desarrollo.grupomedios.com\/futbol\/wp-json\/wp\/v2\/media\/398720"}],"wp:attachment":[{"href":"http:\/\/desarrollo.grupomedios.com\/futbol\/wp-json\/wp\/v2\/media?parent=398631"}],"wp:term":[{"taxonomy":"category","embeddable":true,"href":"http:\/\/desarrollo.grupomedios.com\/futbol\/wp-json\/wp\/v2\/categories?post=398631"},{"taxonomy":"post_tag","embeddable":true,"href":"http:\/\/desarrollo.grupomedios.com\/futbol\/wp-json\/wp\/v2\/tags?post=398631"}],"curies":[{"name":"wp","href":"https:\/\/api.w.org\/{rel}","templated":true}]}}