{"id":398675,"date":"2016-05-22T13:00:28","date_gmt":"2016-05-22T19:00:28","guid":{"rendered":"http:\/\/www.futboltotal.com.mx\/?p=398675"},"modified":"2016-05-22T13:48:50","modified_gmt":"2016-05-22T19:48:50","slug":"dragones-aztecas-pierden-final-porto","status":"publish","type":"post","link":"http:\/\/desarrollo.grupomedios.com\/futbol\/destacado-home\/dragones-aztecas-pierden-final-porto\/2016\/05","title":{"rendered":"Dragones aztecas pierden final con Porto"},"content":{"rendered":"<p>El <strong>FC Porto<\/strong> acab\u00f3 con las manos vac\u00edas la temporada 2015-16. El \u00fanico y \u00faltimo t\u00edtulo al que aspiraba se lo arrebat\u00f3 el Braga en una cardiaca tanda de penales, en la que acert\u00f3 el mexicano <strong>Miguel Lay\u00fan\u00a0<\/strong>pero erraron <strong>H\u00e9ctor Herrera<\/strong> y Maxi Pereira ante el tit\u00e1nico arquero Marafona, quien con dos manotazos certeros dej\u00f3 en \u00a0l\u00e1grimas a la escuadra de Jos\u00e9 Peseiro.<\/p>\n<p>Los <em>Dragones<\/em> vinieron de atr\u00e1s para remontar un partido en el que el Braga se fue arriba antes del cuarto de hora con un tanto de Rub\u00e9n Fonte (12&#8242;) y ampli\u00f3 la ventaja con un tanto de Josue (58&#8242;), quien aprovech\u00f3 una pifia descomunal entre el arquero Helton y el zaguero Marcano para sentenciar el 2-0.<\/p>\n<p style=\"text-align: center;\"><span style=\"color: #3366ff;\"><strong><a style=\"color: #3366ff;\" href=\"http:\/\/www.futboltotal.com.mx\/2016\/05\/herrera-da-asistencia-en-la-final-porto\/\">LEER M\u00c1S: Herrera y Silva reviven al Porto<\/a>\u00a0<\/strong><\/span><\/p>\n<p><iframe loading=\"lazy\" src=\"https:\/\/www.youtube.com\/embed\/KGG4yQ6LpGs\" frameborder=\"0\" allowfullscreen=\"allowfullscreen\"><\/iframe><br \/>\nEl <strong>Porto<\/strong>\u00a0recuper\u00f3 el aliento gracias a la gran actuaci\u00f3n de Andr\u00e9 Silva, quien conterremat\u00f3 tras un rechace del portero Marafona (61&#8242;) y acab\u00f3 por resucitar al club tras capitalizar una gran asistencia de H\u00e9ctor Herrera (90&#8242;) en la \u00faltima jugada del tiempo reglamentario.<\/p>\n<p>En los tiempos extras, el Porto tuvo pocas ocasiones de peligro y la amas relevante ocurri\u00f3 en el segundo lapso, cuando <strong>H\u00e9ctor Herrera<\/strong> apareci\u00f3 de nueva cuenta para meter otro buen servicio que esta vez no pudo convertir Andre Silva.<\/p>\n<p>Con el pulso a tope y los miles de aficionados pegados al filo del banquillo,<strong> Porto<\/strong> y <strong>Braga\u00a0<\/strong>definieron el t\u00edtulo en los penales. Fue est\u00e9ril que Miguel Lay\u00fan dotara de confianza a los suyos con un ca\u00f1onazo directo al centro de la porter\u00eda. El arquero Marafona estuvo soberbio bajo los tres palos y en el segundo lanzamiento, casi ajustado al palo, hizo una estirada descomunal para negar el gol a H\u00e9ctor Herrera. No conforme con ello repiti\u00f3 la dosis al tiro de Maxi y permiti\u00f3 que Marcelo Giano sentenciara la conquista del t\u00edtulo con un cobro impecable.<\/p>\n<p>&nbsp;<\/p>\n","protected":false},"excerpt":{"rendered":"<p>Los mexicanos caen ante Braga en penales; Lay\u00fan anot\u00f3 y HH fall\u00f3 <\/p>\n","protected":false},"author":20,"featured_media":398680,"comment_status":"closed","ping_status":"closed","sticky":false,"template":"","format":"standard","meta":[],"categories":[5],"tags":[5995,1035,1208,6045],"_links":{"self":[{"href":"http:\/\/desarrollo.grupomedios.com\/futbol\/wp-json\/wp\/v2\/posts\/398675"}],"collection":[{"href":"http:\/\/desarrollo.grupomedios.com\/futbol\/wp-json\/wp\/v2\/posts"}],"about":[{"href":"http:\/\/desarrollo.grupomedios.com\/futbol\/wp-json\/wp\/v2\/types\/post"}],"author":[{"embeddable":true,"href":"http:\/\/desarrollo.grupomedios.com\/futbol\/wp-json\/wp\/v2\/users\/20"}],"replies":[{"embeddable":true,"href":"http:\/\/desarrollo.grupomedios.com\/futbol\/wp-json\/wp\/v2\/comments?post=398675"}],"version-history":[{"count":0,"href":"http:\/\/desarrollo.grupomedios.com\/futbol\/wp-json\/wp\/v2\/posts\/398675\/revisions"}],"wp:featuredmedia":[{"embeddable":true,"href":"http:\/\/desarrollo.grupomedios.com\/futbol\/wp-json\/wp\/v2\/media\/398680"}],"wp:attachment":[{"href":"http:\/\/desarrollo.grupomedios.com\/futbol\/wp-json\/wp\/v2\/media?parent=398675"}],"wp:term":[{"taxonomy":"category","embeddable":true,"href":"http:\/\/desarrollo.grupomedios.com\/futbol\/wp-json\/wp\/v2\/categories?post=398675"},{"taxonomy":"post_tag","embeddable":true,"href":"http:\/\/desarrollo.grupomedios.com\/futbol\/wp-json\/wp\/v2\/tags?post=398675"}],"curies":[{"name":"wp","href":"https:\/\/api.w.org\/{rel}","templated":true}]}}