{"id":398687,"date":"2016-05-22T14:50:43","date_gmt":"2016-05-22T20:50:43","guid":{"rendered":"http:\/\/www.futboltotal.com.mx\/?p=398687"},"modified":"2016-05-22T14:51:45","modified_gmt":"2016-05-22T20:51:45","slug":"se-va-tecnico-memo-ochoa-malaga","status":"publish","type":"post","link":"http:\/\/desarrollo.grupomedios.com\/futbol\/futbol-internacional\/se-va-tecnico-memo-ochoa-malaga\/2016\/05","title":{"rendered":"\u00bfSe va el t\u00e9cnico de Memo Ochoa y el M\u00e1laga?"},"content":{"rendered":"<p>El <strong>M\u00e1laga<\/strong> puede oficializar en las pr\u00f3ximos d\u00edas la salida del entrenador <strong>Javi Gracia<\/strong>, quien tiene una oferta importante para dirigir al <strong>Rubin Kazan ruso<\/strong> y deber\u00e1 comunicar a la directiva andaluz en breve si decide o no continuar al frente del equipo.<\/p>\n<p>Mientras el estratega acudi\u00f3 a Madrid para presenciar la final de la Copa del Rey entre Barcelona y Sevilla, la prensa malaguista revela que el cuadro ruso ha retomado las negociaciones con el timonel, a quien busc\u00f3 desde hace poco m\u00e1s de un mes para ofrecerle un contrato multimillonario por cuatro temporadas a partir de la campa\u00f1a 2016-17.<\/p>\n<p style=\"text-align: center;\"><span style=\"color: #3366ff;\"><strong><a style=\"color: #3366ff;\" href=\"http:\/\/www.futboltotal.com.mx\/2016\/05\/mexicanos-en-europa-buscan-nuevo-sueno-3\/\">LEER M\u00c1S: Opciones para que los mexicanos cambien de club<\/a><\/strong><\/span><\/p>\n<p>El estratega, quien lleg\u00f3 al <strong>M\u00e1laga<\/strong> en mayo de 2014, renov\u00f3 contrato al t\u00e9rmino de la pasada campa\u00f1a hasta 2019. Para que pueda salir del club el Rubin Kazan debe pagar loas 1.2 millones de euros que figuran en la cl\u00e1usula de rescisi\u00f3n, seg\u00fan apunta la prensa espa\u00f1ola.<\/p>\n<p>La posible salida de Javi Gracia salpica al portero mexicano <strong>Guillermo Ochoa<\/strong>, quien aun no tiene definido si seguir\u00e1 en el <strong>M\u00e1laga<\/strong> para cumplir el a\u00f1o de contrato que le resta. Si Gracia se va el debate de la titularidad en la porter\u00eda del cuadro andaluz estar\u00e1 de nueva cuenta al rojo vivo y deja la mesa puesta para que el futurible nuevo t\u00e9cnico decida si el mexicano debe quedarse o, ya con el pasaporte comunitario que est\u00e1 pr\u00f3ximo a recibir, buscar un nuevo destino.<\/p>\n","protected":false},"excerpt":{"rendered":"<p>El estratega valora millonaria oferta para dirigir en Rusia<\/p>\n","protected":false},"author":20,"featured_media":398694,"comment_status":"closed","ping_status":"closed","sticky":false,"template":"","format":"standard","meta":[],"categories":[3839,6718,5951],"tags":[5991,306],"_links":{"self":[{"href":"http:\/\/desarrollo.grupomedios.com\/futbol\/wp-json\/wp\/v2\/posts\/398687"}],"collection":[{"href":"http:\/\/desarrollo.grupomedios.com\/futbol\/wp-json\/wp\/v2\/posts"}],"about":[{"href":"http:\/\/desarrollo.grupomedios.com\/futbol\/wp-json\/wp\/v2\/types\/post"}],"author":[{"embeddable":true,"href":"http:\/\/desarrollo.grupomedios.com\/futbol\/wp-json\/wp\/v2\/users\/20"}],"replies":[{"embeddable":true,"href":"http:\/\/desarrollo.grupomedios.com\/futbol\/wp-json\/wp\/v2\/comments?post=398687"}],"version-history":[{"count":0,"href":"http:\/\/desarrollo.grupomedios.com\/futbol\/wp-json\/wp\/v2\/posts\/398687\/revisions"}],"wp:featuredmedia":[{"embeddable":true,"href":"http:\/\/desarrollo.grupomedios.com\/futbol\/wp-json\/wp\/v2\/media\/398694"}],"wp:attachment":[{"href":"http:\/\/desarrollo.grupomedios.com\/futbol\/wp-json\/wp\/v2\/media?parent=398687"}],"wp:term":[{"taxonomy":"category","embeddable":true,"href":"http:\/\/desarrollo.grupomedios.com\/futbol\/wp-json\/wp\/v2\/categories?post=398687"},{"taxonomy":"post_tag","embeddable":true,"href":"http:\/\/desarrollo.grupomedios.com\/futbol\/wp-json\/wp\/v2\/tags?post=398687"}],"curies":[{"name":"wp","href":"https:\/\/api.w.org\/{rel}","templated":true}]}}