{"id":398718,"date":"2016-05-22T16:24:55","date_gmt":"2016-05-22T22:24:55","guid":{"rendered":"http:\/\/www.futboltotal.com.mx\/?p=398718"},"modified":"2016-05-22T16:25:22","modified_gmt":"2016-05-22T22:25:22","slug":"van-gaal-dice-adios-al-manchester-united","status":"publish","type":"post","link":"http:\/\/desarrollo.grupomedios.com\/futbol\/futbol-internacional\/van-gaal-dice-adios-al-manchester-united\/2016\/05","title":{"rendered":"Van Gaal dice adi\u00f3s al Manchester United"},"content":{"rendered":"<p>Despu\u00e9s de dos a\u00f1os al frente del <strong>Manchester United<\/strong>, el director t\u00e9cnico holand\u00e9s <strong>Louis Van Gaal\u00a0<\/strong>puso fin a su etapa en Old Trafford. A pesar de haber ganado la FA Cup este s\u00e1bado, el estratega se ir\u00e1 del club y no cumplir\u00e1 el a\u00f1o de contrato que le resta. Su reemplazo ser\u00e1 el estratega portugu\u00e9s Jos\u00e9 Mourinho.<\/p>\n<p>Un d\u00eda despu\u00e9s de la conquista copera, <strong>Van Gaal\u00a0<\/strong>y \u00a0los <em>Red Devils<\/em>\u00a0salieron del hotel de concentraci\u00f3n para dirigirse a Manchester. A las afueras del recinto, una ola de reporteros esperaba por \u00e9l y uno de ellos, de la cadena <em>Sky Sports, <\/em>intent\u00f3 abordarlo para cuestionarlo sobre \u00a0su continuidad al frente del club, pero el<em> tulip\u00e1n<\/em>\u00a0se neg\u00f3 y a cambio espet\u00f3: &#8220;Se acab\u00f3&#8221;.<\/p>\n<p style=\"text-align: center;\"><a href=\"http:\/\/www.futboltotal.com.mx\/2016\/05\/jose-mourinho-sera-tecnico-del-manchester-united\/\"><span style=\"color: #3366ff;\"><strong>LEER M\u00c1S:\u00a0Mourinho llega al Manchester United\u00a0<\/strong><\/span><\/a><\/p>\n<p>El mensaje de <strong>Van Gaal\u00a0<\/strong>llega precedido de informaciones divulgadas por la prensa brit\u00e1nica, en las que se afirma que a pesar de conseguir el t\u00edtulo de la justa copera no seguir\u00e1 al frente del club, toda vez que no consigui\u00f3 el gran objetivo de ganar la Premier League y la Liga de Campeones.<\/p>\n<p>En la rueda de prensa post-partido, <strong>Van Gaal\u00a0<\/strong>dej\u00f3 entre lineas su partida: &#8220;Algunos de ustedes me han despedido desde hace tiempo y saben qu\u00e9 pasar\u00e1. No voy a discutir con ustedes mi continuidad&#8221;.<\/p>\n<p>Concluida la temporada 2015-16 para el Manchester United, donde culmin\u00f3 como el quinto clasificado y con la plaza directa a Europa League, la directiva del club tiene como pr\u00f3xima asignatura oficializar la salida de Van Gaal y el nombramiento de quien le supla. En este tenor, el diario <em>The Guardian <\/em>apunta que el club ha llegado a un acuerdo con el portugu\u00e9s\u00a0Jos\u00e9 Mourinho, quien ser\u00e1 designado el nuevo entrenador la semana entrante.<\/p>\n","protected":false},"excerpt":{"rendered":"<p>El holand\u00e9s se va tras dos a\u00f1os al frente del conjunto ingl\u00e9s <\/p>\n","protected":false},"author":20,"featured_media":398731,"comment_status":"closed","ping_status":"closed","sticky":false,"template":"","format":"standard","meta":[],"categories":[3839,3846,5951],"tags":[43,5198],"_links":{"self":[{"href":"http:\/\/desarrollo.grupomedios.com\/futbol\/wp-json\/wp\/v2\/posts\/398718"}],"collection":[{"href":"http:\/\/desarrollo.grupomedios.com\/futbol\/wp-json\/wp\/v2\/posts"}],"about":[{"href":"http:\/\/desarrollo.grupomedios.com\/futbol\/wp-json\/wp\/v2\/types\/post"}],"author":[{"embeddable":true,"href":"http:\/\/desarrollo.grupomedios.com\/futbol\/wp-json\/wp\/v2\/users\/20"}],"replies":[{"embeddable":true,"href":"http:\/\/desarrollo.grupomedios.com\/futbol\/wp-json\/wp\/v2\/comments?post=398718"}],"version-history":[{"count":0,"href":"http:\/\/desarrollo.grupomedios.com\/futbol\/wp-json\/wp\/v2\/posts\/398718\/revisions"}],"wp:featuredmedia":[{"embeddable":true,"href":"http:\/\/desarrollo.grupomedios.com\/futbol\/wp-json\/wp\/v2\/media\/398731"}],"wp:attachment":[{"href":"http:\/\/desarrollo.grupomedios.com\/futbol\/wp-json\/wp\/v2\/media?parent=398718"}],"wp:term":[{"taxonomy":"category","embeddable":true,"href":"http:\/\/desarrollo.grupomedios.com\/futbol\/wp-json\/wp\/v2\/categories?post=398718"},{"taxonomy":"post_tag","embeddable":true,"href":"http:\/\/desarrollo.grupomedios.com\/futbol\/wp-json\/wp\/v2\/tags?post=398718"}],"curies":[{"name":"wp","href":"https:\/\/api.w.org\/{rel}","templated":true}]}}