{"id":398860,"date":"2016-05-23T11:36:44","date_gmt":"2016-05-23T17:36:44","guid":{"rendered":"http:\/\/www.futboltotal.com.mx\/?p=398860"},"modified":"2016-05-23T17:15:20","modified_gmt":"2016-05-23T23:15:20","slug":"horarios-la-final-del-clausura-2016","status":"publish","type":"post","link":"http:\/\/desarrollo.grupomedios.com\/futbol\/futbol-mexicano\/horarios-la-final-del-clausura-2016\/2016\/05","title":{"rendered":"Horarios de la FINAL del Clausura 2016"},"content":{"rendered":"<p>La Liga MX dio a conocer las fechas y horarios de la\u00a0<strong>Final<\/strong>\u00a0del\u00a0<strong>Clausura 2016<\/strong>.<\/p>\n<p><a href=\"http:\/\/www.futboltotal.com.mx\/2016\/05\/horarios-la-final-del-clausura-2016\/horarios-gran-final-clausura-2016\/\" rel=\"attachment wp-att-398861\"><img decoding=\"async\" loading=\"lazy\" class=\"aligncenter size-full wp-image-398861\" src=\"http:\/\/www.futboltotal.com.mx\/wp-content\/uploads\/2016\/05\/horarios-gran-final-clausura-2016.jpg\" alt=\"horarios-gran-final-clausura-2016\" \/><\/a><\/p>\n<p>Las serie de la Gran Final\u00a0abre el pr\u00f3ximo jueves\u00a0en la cancha del Estadio Hidalgo. A las 20:06 horas, los <a href=\"http:\/\/www.futboltotal.com.mx\/equipos\/pachuca\/\" target=\"_blank\"><em>Tuzos<\/em> del Pachuca<\/a>\u00a0reciben a\u00a0<a href=\"http:\/\/www.futboltotal.com.mx\/equipos\/monterrey\/\" target=\"_blank\"><em>Rayados<\/em>\u00a0de Monterrey<\/a>. En tanto, el duelo que definir\u00e1 al campe\u00f3n\u00a0del\u00a0<strong>Clausura 2016<\/strong>\u00a0se disputar\u00e1 el domingo 29 de mayo, a las 20:36 horas, en el Estadio Bancomer.<\/p>\n<p>En Semifinal, el cuadro regiomontano\u00a0elimin\u00f3 al\u00a0Am\u00e9rica, mientras que el conjunto hidalguense\u00a0dej\u00f3 en el camino al\u00a0Le\u00f3n.<\/p>\n","protected":false},"excerpt":{"rendered":"<p>El duelo que definir\u00e1 al campe\u00f3n del Clausura 2016 se disputar\u00e1 el domingo<\/p>\n","protected":false},"author":20,"featured_media":397266,"comment_status":"closed","ping_status":"closed","sticky":false,"template":"","format":"standard","meta":[],"categories":[2198,3845,5950],"tags":[6458,1752,5966,5968],"_links":{"self":[{"href":"http:\/\/desarrollo.grupomedios.com\/futbol\/wp-json\/wp\/v2\/posts\/398860"}],"collection":[{"href":"http:\/\/desarrollo.grupomedios.com\/futbol\/wp-json\/wp\/v2\/posts"}],"about":[{"href":"http:\/\/desarrollo.grupomedios.com\/futbol\/wp-json\/wp\/v2\/types\/post"}],"author":[{"embeddable":true,"href":"http:\/\/desarrollo.grupomedios.com\/futbol\/wp-json\/wp\/v2\/users\/20"}],"replies":[{"embeddable":true,"href":"http:\/\/desarrollo.grupomedios.com\/futbol\/wp-json\/wp\/v2\/comments?post=398860"}],"version-history":[{"count":0,"href":"http:\/\/desarrollo.grupomedios.com\/futbol\/wp-json\/wp\/v2\/posts\/398860\/revisions"}],"wp:featuredmedia":[{"embeddable":true,"href":"http:\/\/desarrollo.grupomedios.com\/futbol\/wp-json\/wp\/v2\/media\/397266"}],"wp:attachment":[{"href":"http:\/\/desarrollo.grupomedios.com\/futbol\/wp-json\/wp\/v2\/media?parent=398860"}],"wp:term":[{"taxonomy":"category","embeddable":true,"href":"http:\/\/desarrollo.grupomedios.com\/futbol\/wp-json\/wp\/v2\/categories?post=398860"},{"taxonomy":"post_tag","embeddable":true,"href":"http:\/\/desarrollo.grupomedios.com\/futbol\/wp-json\/wp\/v2\/tags?post=398860"}],"curies":[{"name":"wp","href":"https:\/\/api.w.org\/{rel}","templated":true}]}}