{"id":398964,"date":"2016-05-23T16:53:53","date_gmt":"2016-05-23T22:53:53","guid":{"rendered":"http:\/\/www.futboltotal.com.mx\/?p=398964"},"modified":"2016-05-23T16:53:53","modified_gmt":"2016-05-23T22:53:53","slug":"fabian-eintracht-se-salvan-del-descenso","status":"publish","type":"post","link":"http:\/\/desarrollo.grupomedios.com\/futbol\/futbol-internacional\/fabian-eintracht-se-salvan-del-descenso\/2016\/05","title":{"rendered":"\u00a1Fabi\u00e1n y Eintracht se salvan del descenso!"},"content":{"rendered":"<p>El mexicano <strong>Marco Fabi\u00e1n<\/strong> y<strong> Eintracht Frankfur<\/strong>t aseguraron su permanencia en la <strong>Bundesliga<\/strong>, luego de derrotar 1-0 (Global 2-1) a N\u00faremberg, en el juego definitivo por evitar el descenso.<\/p>\n<p>En el duelo de ida de dicha eliminatoria, el cuadro dirigido por el croata Niko Kovac igual\u00f3 1-1 en el estadio Commerzbank Arena frente al tercer lugar de la Segunda Divisi\u00f3n de Alemania, N\u00faremberg.<\/p>\n<p style=\"text-align: center;\"><span style=\"color: #3366ff;\"><strong><a style=\"color: #3366ff;\" href=\"http:\/\/www.futboltotal.com.mx\/futbol-internacional\/mexicanos-en-europa\/\">LEER M\u00c1S: Todas las noticias de mexicanos en Europa<\/a><\/strong><\/span><br \/>\n<iframe loading=\"lazy\" src=\"https:\/\/www.youtube.com\/embed\/_EjdCSE-TTg\" frameborder=\"0\" allowfullscreen=\"allowfullscreen\"><\/iframe><\/p>\n<p style=\"text-align: left;\">En el minuto 11 de juego,<strong> Marco Fabi\u00e1n<\/strong> entr\u00f3 al terreno de juego del Grundig Stadion, debido a una lesi\u00f3n que sufri\u00f3 en el tobillo el centrocampista Marc Stendera.<\/p>\n<p>Ya en el segundo tiempo, las <em>\u00c1guilas<\/em> obtuvieron el tanto que asegur\u00f3 su permanencia en el m\u00e1ximo circuito del futbol teut\u00f3n, por medio del atacante suizo Haris Seferovic tras asistencia del serbio Mijat Gacinovic, al minuto 66.<\/p>\n<p>Los <em>Rojinegros<\/em> consiguieron 36 unidades por lo que terminaron en el puesto 16 de la tabla general y se vieron obligados a jugar los <em>play-offs<\/em>, con este triunfo, Frankfurt y el mediocampista azteca aseguraron quedarse un a\u00f1o m\u00e1s en la Bundesliga.<\/p>\n","protected":false},"excerpt":{"rendered":"<p>El mediocampista ingres\u00f3 al 11&#8242; y consigui\u00f3 la gesta ante N\u00fcrnberg <\/p>\n","protected":false},"author":20,"featured_media":398966,"comment_status":"closed","ping_status":"closed","sticky":false,"template":"","format":"standard","meta":[],"categories":[3839,6718,5951],"tags":[119,3588,131,4545],"_links":{"self":[{"href":"http:\/\/desarrollo.grupomedios.com\/futbol\/wp-json\/wp\/v2\/posts\/398964"}],"collection":[{"href":"http:\/\/desarrollo.grupomedios.com\/futbol\/wp-json\/wp\/v2\/posts"}],"about":[{"href":"http:\/\/desarrollo.grupomedios.com\/futbol\/wp-json\/wp\/v2\/types\/post"}],"author":[{"embeddable":true,"href":"http:\/\/desarrollo.grupomedios.com\/futbol\/wp-json\/wp\/v2\/users\/20"}],"replies":[{"embeddable":true,"href":"http:\/\/desarrollo.grupomedios.com\/futbol\/wp-json\/wp\/v2\/comments?post=398964"}],"version-history":[{"count":0,"href":"http:\/\/desarrollo.grupomedios.com\/futbol\/wp-json\/wp\/v2\/posts\/398964\/revisions"}],"wp:featuredmedia":[{"embeddable":true,"href":"http:\/\/desarrollo.grupomedios.com\/futbol\/wp-json\/wp\/v2\/media\/398966"}],"wp:attachment":[{"href":"http:\/\/desarrollo.grupomedios.com\/futbol\/wp-json\/wp\/v2\/media?parent=398964"}],"wp:term":[{"taxonomy":"category","embeddable":true,"href":"http:\/\/desarrollo.grupomedios.com\/futbol\/wp-json\/wp\/v2\/categories?post=398964"},{"taxonomy":"post_tag","embeddable":true,"href":"http:\/\/desarrollo.grupomedios.com\/futbol\/wp-json\/wp\/v2\/tags?post=398964"}],"curies":[{"name":"wp","href":"https:\/\/api.w.org\/{rel}","templated":true}]}}