{"id":399025,"date":"2016-05-24T10:59:42","date_gmt":"2016-05-24T16:59:42","guid":{"rendered":"http:\/\/www.futboltotal.com.mx\/?p=399025"},"modified":"2016-05-24T12:59:07","modified_gmt":"2016-05-24T18:59:07","slug":"alan-pulido-azteca-conquisto-grecia","status":"publish","type":"post","link":"http:\/\/desarrollo.grupomedios.com\/futbol\/destacado-home\/alan-pulido-azteca-conquisto-grecia\/2016\/05","title":{"rendered":"Alan Pulido, el azteca que conquist\u00f3 Grecia"},"content":{"rendered":"<p><strong>Alan Pulido<\/strong> tuvo muchos problemas para llegar a <strong>Grecia<\/strong>, pues Tigres quiso frustrar su pase del Levadiakos al <strong>Olympiacos<\/strong>. Sus problemas extracancha le pasaron factura en el primer semestre, pero apenas comenz\u00f3 el 2016 y dej\u00f3 ver porqu\u00e9 hab\u00eda llamado la atenci\u00f3n de los griegos.<\/p>\n<p>[video_player]https:\/\/player.vimeo.com\/external\/167912348.hd.mp4?s=131d185abe304da83582088b7b331c08ee2bea1a&amp;profile_id=174[\/video_player]<\/p>\n<p>El \u00fanico partido que jug\u00f3 en 2015 con <strong>Olympiacos<\/strong> fue en la Copa de Grecia, pues aunque era considerado para partidos de liga y de Champions League, siempre se quedaba en la banca.<\/p>\n<p><img decoding=\"async\" loading=\"lazy\" class=\"alignnone size-full wp-image-399030\" src=\"http:\/\/www.futboltotal.com.mx\/wp-content\/uploads\/2016\/05\/pulidmexicanos.jpg\" alt=\"pulidmexicanos\" \/><\/p>\n<p>Aunque parec\u00eda que su temporada estaba terminada por su poca participaci\u00f3n, <strong>Pulido<\/strong> comenz\u00f3 el 2016 con partidos y constancia, pues poco a poco se fue ganando su lugar y termin\u00f3 la temporada con un gran rendimiento, pues sus seis goles los marc\u00f3 en la recta final de la campa\u00f1a respondiendo as\u00ed a la confianza del t\u00e9cnico Marco Silva.<\/p>\n<p>A pesar de que consigui\u00f3 el t\u00edtulo de liga y termin\u00f3 con un buen momento, el t\u00e9cnico de M\u00e9xico Juan Carlos Osorio no lo convoc\u00f3 para la Copa Am\u00e9rica Centenario.<\/p>\n","protected":false},"excerpt":{"rendered":"<p>Cerr\u00f3 la temporada con grandes actuaciones y el t\u00edtulo de liga<\/p>\n","protected":false},"author":129,"featured_media":399081,"comment_status":"closed","ping_status":"closed","sticky":false,"template":"","format":"standard","meta":[],"categories":[5,3839,6718],"tags":[1607,2652,6091],"_links":{"self":[{"href":"http:\/\/desarrollo.grupomedios.com\/futbol\/wp-json\/wp\/v2\/posts\/399025"}],"collection":[{"href":"http:\/\/desarrollo.grupomedios.com\/futbol\/wp-json\/wp\/v2\/posts"}],"about":[{"href":"http:\/\/desarrollo.grupomedios.com\/futbol\/wp-json\/wp\/v2\/types\/post"}],"author":[{"embeddable":true,"href":"http:\/\/desarrollo.grupomedios.com\/futbol\/wp-json\/wp\/v2\/users\/129"}],"replies":[{"embeddable":true,"href":"http:\/\/desarrollo.grupomedios.com\/futbol\/wp-json\/wp\/v2\/comments?post=399025"}],"version-history":[{"count":0,"href":"http:\/\/desarrollo.grupomedios.com\/futbol\/wp-json\/wp\/v2\/posts\/399025\/revisions"}],"wp:featuredmedia":[{"embeddable":true,"href":"http:\/\/desarrollo.grupomedios.com\/futbol\/wp-json\/wp\/v2\/media\/399081"}],"wp:attachment":[{"href":"http:\/\/desarrollo.grupomedios.com\/futbol\/wp-json\/wp\/v2\/media?parent=399025"}],"wp:term":[{"taxonomy":"category","embeddable":true,"href":"http:\/\/desarrollo.grupomedios.com\/futbol\/wp-json\/wp\/v2\/categories?post=399025"},{"taxonomy":"post_tag","embeddable":true,"href":"http:\/\/desarrollo.grupomedios.com\/futbol\/wp-json\/wp\/v2\/tags?post=399025"}],"curies":[{"name":"wp","href":"https:\/\/api.w.org\/{rel}","templated":true}]}}