{"id":399331,"date":"2016-05-25T16:32:22","date_gmt":"2016-05-25T22:32:22","guid":{"rendered":"http:\/\/www.futboltotal.com.mx\/?p=399331"},"modified":"2016-05-31T11:14:35","modified_gmt":"2016-05-31T17:14:35","slug":"klinsmann-copa-america-mejor-la-euro","status":"publish","type":"post","link":"http:\/\/desarrollo.grupomedios.com\/futbol\/futbol-internacional\/klinsmann-copa-america-mejor-la-euro\/2016\/05","title":{"rendered":"Para Klinsmann, Copa Am\u00e9rica mejor que la Euro"},"content":{"rendered":"<p>El t\u00e9cnico de la Selecci\u00f3n de Estados Unidos <strong>Jurgen Klinsmann<\/strong>, habl\u00f3 este d\u00eda sobre los torneos continentales y confes\u00f3 que para \u00e9l la <strong>Copa Am\u00e9rica<\/strong> es mejor que la <strong>Eurocopa<\/strong>.<\/p>\n<p>&#8220;Creo que si hacemos una comparaci\u00f3n de los 16 equipos que van a competir en la <strong>Copa Am\u00e9rica<\/strong> con los 24 que disputan la <strong>Eurocopa<\/strong>, la calidad futbol\u00edstica que se va a ver las pr\u00f3ximas semanas en <strong>Estados Unidos<\/strong> ser\u00e1 algo incre\u00edble&#8221;, se\u00f1al\u00f3 Klinsman.<\/p>\n<p>El alem\u00e1n tambi\u00e9n habl\u00f3 sobre las posibilidades que tiene su equipo en la justa continental y los objetivos que tienen que plantearse, pues primero tendr\u00e1n un amistoso ante Ecuador previo a su duelo inaugural contra Colombia.<\/p>\n<p style=\"text-align: center;\"><span style=\"color: #3366ff;\">LEER M\u00c1S:\u00a0<a style=\"color: #3366ff;\" href=\"http:\/\/www.futboltotal.com.mx\/2016\/05\/varane-se-pierde-final-champions-la-euro\/\">VARANE SE ROMPE Y DICE ADI\u00d3S A LA EUROCOPA<\/a><\/span><\/p>\n<p>&#8220;Es una competici\u00f3n muy especial para nosotros y adem\u00e1s \u00fanica en cuanto a la importancia que tiene dentro del f\u00fatbol mundial.\u00a0Nuestro objetivo es estar entre los cuatro equipos finalistas de <strong>Copa Am\u00e9rica<\/strong>, por lo tanto lucharemos para conseguirlo&#8221;, declar\u00f3 el timonel.<\/p>\n<p>&#8220;Es el torneo futbol\u00edstico m\u00e1s importante que se va a disputar en <strong>Estados Unidos<\/strong> desde el Mundial de 1994 y todos los jugadores est\u00e1n motivados para dar ese salto de calidad que es necesario demostrar en un evento como \u00e9ste&#8221;, resalt\u00f3 <strong>Klinsmann.<\/strong><\/p>\n","protected":false},"excerpt":{"rendered":"<p>El t\u00e9cnico habl\u00f3 sobre las expectativas de cada torneo<\/p>\n","protected":false},"author":20,"featured_media":399338,"comment_status":"closed","ping_status":"closed","sticky":false,"template":"","format":"standard","meta":[],"categories":[6950,3839,6953,5951],"tags":[2130,310,2236],"_links":{"self":[{"href":"http:\/\/desarrollo.grupomedios.com\/futbol\/wp-json\/wp\/v2\/posts\/399331"}],"collection":[{"href":"http:\/\/desarrollo.grupomedios.com\/futbol\/wp-json\/wp\/v2\/posts"}],"about":[{"href":"http:\/\/desarrollo.grupomedios.com\/futbol\/wp-json\/wp\/v2\/types\/post"}],"author":[{"embeddable":true,"href":"http:\/\/desarrollo.grupomedios.com\/futbol\/wp-json\/wp\/v2\/users\/20"}],"replies":[{"embeddable":true,"href":"http:\/\/desarrollo.grupomedios.com\/futbol\/wp-json\/wp\/v2\/comments?post=399331"}],"version-history":[{"count":0,"href":"http:\/\/desarrollo.grupomedios.com\/futbol\/wp-json\/wp\/v2\/posts\/399331\/revisions"}],"wp:featuredmedia":[{"embeddable":true,"href":"http:\/\/desarrollo.grupomedios.com\/futbol\/wp-json\/wp\/v2\/media\/399338"}],"wp:attachment":[{"href":"http:\/\/desarrollo.grupomedios.com\/futbol\/wp-json\/wp\/v2\/media?parent=399331"}],"wp:term":[{"taxonomy":"category","embeddable":true,"href":"http:\/\/desarrollo.grupomedios.com\/futbol\/wp-json\/wp\/v2\/categories?post=399331"},{"taxonomy":"post_tag","embeddable":true,"href":"http:\/\/desarrollo.grupomedios.com\/futbol\/wp-json\/wp\/v2\/tags?post=399331"}],"curies":[{"name":"wp","href":"https:\/\/api.w.org\/{rel}","templated":true}]}}