{"id":399388,"date":"2016-05-25T19:02:37","date_gmt":"2016-05-26T01:02:37","guid":{"rendered":"http:\/\/www.futboltotal.com.mx\/?p=399388"},"modified":"2016-05-25T19:04:06","modified_gmt":"2016-05-26T01:04:06","slug":"vela-bombardero-sin-gol","status":"publish","type":"post","link":"http:\/\/desarrollo.grupomedios.com\/futbol\/futbol-internacional\/vela-bombardero-sin-gol\/2016\/05","title":{"rendered":"Vela, el bombardero sin gol"},"content":{"rendered":"<p>La estad\u00eda de <strong>Carlos Vela<\/strong> en la <strong>Real Sociedad<\/strong> est\u00e1 a las puertas de un desenlace inesperado. El mexicano vive la \u00e9poca m\u00e1s dura desde que lleg\u00f3 a San Sebasti\u00e1n en 2011. Su futuro es incierto con el club, despu\u00e9s de haber extraviado el gol en lo que fue su temporada m\u00e1s deslucida con el dorsal 11 de los<em> Txuri Urdin.<\/em><\/p>\n<p>[video_player]https:\/\/player.vimeo.com\/external\/168088374.hd.mp4?s=8a21d0a8ceda809c1d13b9111fbbb350de971079&amp;profile_id=174[\/video_player]<\/p>\n<p>Poco importa que tenga dos a\u00f1os m\u00e1s de contrato, el divorcio del <em>Bombardero<\/em> con los Txuri Urdin est\u00e1 en marcha y hay amplias posibilidades de que en el pr\u00f3ximo mercado estival, el club busque al mejor postor para traspasarlo.<\/p>\n<p style=\"text-align: center;\"><span style=\"color: #3366ff;\"><strong><a style=\"color: #3366ff;\" href=\"http:\/\/www.futboltotal.com.mx\/2016\/05\/los-cepillados-la-copa-america\/\">LEER M\u00c1S: La verdadera raz\u00f3n por la que Vela no ir\u00e1 a Copa Am\u00e9rica<\/a><\/strong><\/span><\/p>\n<p>Vela tuvo la p\u00f3lvora mojada durante toda la temporada y lo exhibi\u00f3 en el pen\u00faltimo duelo de la temporada ante Rayo Vallecano, en el que fall\u00f3 una ocasi\u00f3n inmejorable de gol que a la postre vali\u00f3 para que el entrenador Eusebio Sacrist\u00e1n lo sustituyera intempestivamente. El mexicano se fue muy molesto de Anoeta y para el partido ante Valencia qued\u00f3 descartado.<\/p>\n<p><a href=\"http:\/\/www.futboltotal.com.mx\/wp-content\/uploads\/2016\/05\/velamexicanos.jpg\" rel=\"attachment wp-att-399391\"><img decoding=\"async\" loading=\"lazy\" class=\"alignnone size-full wp-image-399391\" src=\"http:\/\/www.futboltotal.com.mx\/wp-content\/uploads\/2016\/05\/velamexicanos.jpg\" alt=\"velamexicanos\" \/><\/a><\/p>\n<p>El mexicano rompi\u00f3 su id\u00edlio con la afici\u00f3n de la Real Sociedad, pues no solo un sector de afici\u00f3n qued\u00f3 desilusionado por su baja de rendimiento, sino tambi\u00e9n lo ha externado el exdelantero del conjunto de San Sebasti\u00e1n, Santiago Id\u00edgoras, quien ha dejado claro que se ha extinto el <em>Bombardero<\/em> que un d\u00eda ilusion\u00f3 al club: \u201cSoy de la opini\u00f3n de que Vela ya no quiere estar aqu\u00ed, ya no le importa la afici\u00f3n, no le importa la Real Sociedad ni tampoco sus compa\u00f1eros\u201d.<\/p>\n<p>El quintanarroense acab\u00f3 la campa\u00f1a sin brillo y muy lejos de ser aquel entusiasta del gol que ten\u00eda entre ceja y ceja triunfar como goleador. Desde hace un par de meses cuando fue suspendido y multado por faltar a un entrenamiento apenas \u00a0consigui\u00f3 otra anotaci\u00f3n. Acab\u00f3 el curso con solo cinco tantos en la cesta, su peor rendimiento en las \u00faltimas seis temporadas. Quiz\u00e1 fue el \u00faltimo a\u00f1o de Vela con la Real Sociedad.<\/p>\n","protected":false},"excerpt":{"rendered":"<p>El mexicano deja su futuro en el aire tras un ciclo turbulento con la Real<\/p>\n","protected":false},"author":20,"featured_media":399082,"comment_status":"closed","ping_status":"closed","sticky":false,"template":"","format":"standard","meta":[],"categories":[3839,3844,6718,5951],"tags":[6048,4545,102],"_links":{"self":[{"href":"http:\/\/desarrollo.grupomedios.com\/futbol\/wp-json\/wp\/v2\/posts\/399388"}],"collection":[{"href":"http:\/\/desarrollo.grupomedios.com\/futbol\/wp-json\/wp\/v2\/posts"}],"about":[{"href":"http:\/\/desarrollo.grupomedios.com\/futbol\/wp-json\/wp\/v2\/types\/post"}],"author":[{"embeddable":true,"href":"http:\/\/desarrollo.grupomedios.com\/futbol\/wp-json\/wp\/v2\/users\/20"}],"replies":[{"embeddable":true,"href":"http:\/\/desarrollo.grupomedios.com\/futbol\/wp-json\/wp\/v2\/comments?post=399388"}],"version-history":[{"count":0,"href":"http:\/\/desarrollo.grupomedios.com\/futbol\/wp-json\/wp\/v2\/posts\/399388\/revisions"}],"wp:featuredmedia":[{"embeddable":true,"href":"http:\/\/desarrollo.grupomedios.com\/futbol\/wp-json\/wp\/v2\/media\/399082"}],"wp:attachment":[{"href":"http:\/\/desarrollo.grupomedios.com\/futbol\/wp-json\/wp\/v2\/media?parent=399388"}],"wp:term":[{"taxonomy":"category","embeddable":true,"href":"http:\/\/desarrollo.grupomedios.com\/futbol\/wp-json\/wp\/v2\/categories?post=399388"},{"taxonomy":"post_tag","embeddable":true,"href":"http:\/\/desarrollo.grupomedios.com\/futbol\/wp-json\/wp\/v2\/tags?post=399388"}],"curies":[{"name":"wp","href":"https:\/\/api.w.org\/{rel}","templated":true}]}}