{"id":399476,"date":"2016-05-26T14:11:57","date_gmt":"2016-05-26T20:11:57","guid":{"rendered":"http:\/\/www.futboltotal.com.mx\/?p=399476"},"modified":"2016-05-31T17:47:36","modified_gmt":"2016-05-31T23:47:36","slug":"mexicanos-en-europa-temporada-2015-16-diego-reyes","status":"publish","type":"post","link":"http:\/\/desarrollo.grupomedios.com\/futbol\/destacado-home\/mexicanos-en-europa-temporada-2015-16-diego-reyes\/2016\/05","title":{"rendered":"Diego Reyes, confiable escudero Txuri-urdin"},"content":{"rendered":"<p>A diferencia de Carlos Vela, <strong>Diego Reyes<\/strong> termin\u00f3 con un mejor rendimiento en la <strong>Real Sociedad<\/strong>, lo que ha valido, que el cuadro espa\u00f1ol piense seriamente en compr\u00e1rselo al Porto. El zaguero inclusive, lleg\u00f3 a ser considerado el mejor de su posici\u00f3n, en la <strong>Liga BBVA<\/strong>.<\/p>\n<p>[video_player]https:\/\/player.vimeo.com\/external\/168215689.hd.mp4?s=579cb7ef4bf087d7e2d3cdaf36bb36bdf2c85012&amp;profile_id=174[\/video_player]<\/p>\n<p><strong>Diego Reyes<\/strong> tuvo altibajos, pero siempre dio la cara por la <strong>Real Sociedad<\/strong>, y por la <strong><a href=\"http:\/\/futboltotal.com.mx\/futbol-mexicano\/seleccion-mexicana\/\" target=\"_blank\">Selecci\u00f3n Mexicana<\/a><\/strong>; el zaguero pudo marcar en dos ocasiones en la <strong>Liga BBVA<\/strong>, y lamentablemente tambi\u00e9n hizo un gol en contra, que represent\u00f3 el primer autogol de un mexicano en la liga ib\u00e9rica.<\/p>\n<p>Por su buen rendimiento, <strong>Diego Reyes<\/strong> fue elegido por Juan Carlos Osorio para jugar la Copa Am\u00e9rica Centenario con la <strong>Selecci\u00f3n Mexicana<\/strong>, donde se espera, que sea titular junto con H\u00e9ctor Moreno en la defensa central.<\/p>\n<p style=\"text-align: center;\"><span style=\"color: #3366ff;\"><strong><a style=\"color: #3366ff;\" href=\"http:\/\/www.futboltotal.com.mx\/2016\/05\/marco-fabian-paraiso-esperaba\/\" target=\"_blank\">LEER M\u00c1S: Marco Fabi\u00e1n y el para\u00edso que no esperaba<\/a><\/strong><\/span><\/p>\n<p><a href=\"http:\/\/www.futboltotal.com.mx\/wp-content\/uploads\/2016\/05\/diegoreyesmexicanos.jpg\" rel=\"attachment wp-att-399477\"><img decoding=\"async\" loading=\"lazy\" class=\"alignnone size-full wp-image-399477\" src=\"http:\/\/www.futboltotal.com.mx\/wp-content\/uploads\/2016\/05\/diegoreyesmexicanos.jpg\" alt=\"diegoreyesmexicanos\" srcset=\"http:\/\/desarrollo.grupomedios.com\/futbol\/wp-content\/uploads\/2016\/05\/diegoreyesmexicanos.jpg 829w, http:\/\/desarrollo.grupomedios.com\/futbol\/wp-content\/uploads\/2016\/05\/diegoreyesmexicanos-150x150.jpg 150w, http:\/\/desarrollo.grupomedios.com\/futbol\/wp-content\/uploads\/2016\/05\/diegoreyesmexicanos-300x300.jpg 300w, http:\/\/desarrollo.grupomedios.com\/futbol\/wp-content\/uploads\/2016\/05\/diegoreyesmexicanos-768x768.jpg 768w, http:\/\/desarrollo.grupomedios.com\/futbol\/wp-content\/uploads\/2016\/05\/diegoreyesmexicanos-79x78.jpg 79w\" sizes=\"(max-width: 829px) 100vw, 829px\" \/><\/a><\/p>\n","protected":false},"excerpt":{"rendered":"<p>Lo destacado de Diego Reyes en la temporada 2015-16<\/p>\n","protected":false},"author":20,"featured_media":399075,"comment_status":"closed","ping_status":"closed","sticky":false,"template":"","format":"standard","meta":[],"categories":[5,3839,6718],"tags":[6006,4545],"_links":{"self":[{"href":"http:\/\/desarrollo.grupomedios.com\/futbol\/wp-json\/wp\/v2\/posts\/399476"}],"collection":[{"href":"http:\/\/desarrollo.grupomedios.com\/futbol\/wp-json\/wp\/v2\/posts"}],"about":[{"href":"http:\/\/desarrollo.grupomedios.com\/futbol\/wp-json\/wp\/v2\/types\/post"}],"author":[{"embeddable":true,"href":"http:\/\/desarrollo.grupomedios.com\/futbol\/wp-json\/wp\/v2\/users\/20"}],"replies":[{"embeddable":true,"href":"http:\/\/desarrollo.grupomedios.com\/futbol\/wp-json\/wp\/v2\/comments?post=399476"}],"version-history":[{"count":0,"href":"http:\/\/desarrollo.grupomedios.com\/futbol\/wp-json\/wp\/v2\/posts\/399476\/revisions"}],"wp:featuredmedia":[{"embeddable":true,"href":"http:\/\/desarrollo.grupomedios.com\/futbol\/wp-json\/wp\/v2\/media\/399075"}],"wp:attachment":[{"href":"http:\/\/desarrollo.grupomedios.com\/futbol\/wp-json\/wp\/v2\/media?parent=399476"}],"wp:term":[{"taxonomy":"category","embeddable":true,"href":"http:\/\/desarrollo.grupomedios.com\/futbol\/wp-json\/wp\/v2\/categories?post=399476"},{"taxonomy":"post_tag","embeddable":true,"href":"http:\/\/desarrollo.grupomedios.com\/futbol\/wp-json\/wp\/v2\/tags?post=399476"}],"curies":[{"name":"wp","href":"https:\/\/api.w.org\/{rel}","templated":true}]}}