{"id":399523,"date":"2016-05-26T17:49:58","date_gmt":"2016-05-26T23:49:58","guid":{"rendered":"http:\/\/www.futboltotal.com.mx\/?p=399523"},"modified":"2016-05-26T17:49:58","modified_gmt":"2016-05-26T23:49:58","slug":"pele-rey-tengo-titulos-dani-alves","status":"publish","type":"post","link":"http:\/\/desarrollo.grupomedios.com\/futbol\/videos\/pele-rey-tengo-titulos-dani-alves\/2016\/05","title":{"rendered":"Tengo m\u00e1s t\u00edtulos que Pel\u00e9: Dani Alves"},"content":{"rendered":"<p>El futbolista del <strong>Barcelona<\/strong>, <strong>Dani Alves<\/strong>, volvi\u00f3 a ser objeto de la pol\u00e9mica, luego de que publicara en su cuenta de Instagram, un video donde se burla de Pel\u00e9 y de las cr\u00edticas que <em>O Rei<\/em> hace sobre \u00e9l. La publicaci\u00f3n caus\u00f3 pol\u00e9mica por tratarse de una burla hacia <em>el Rey<\/em>.<\/p>\n<p style=\"text-align: center;\"><span style=\"color: #3366ff;\"><strong><a style=\"color: #3366ff;\" href=\"http:\/\/www.futboltotal.com.mx\/2016\/05\/quiz-tanto-sabes-las-finales-la-liga-mx\/\" target=\"_blank\">LEER M\u00c1S: Qu\u00e9 tanto sabes de las finales de la Liga MX<\/a><\/strong><\/span><\/p>\n<p><iframe loading=\"lazy\" src=\"https:\/\/www.youtube.com\/embed\/HhbH7FcldZ4\" frameborder=\"0\" allowfullscreen=\"allowfullscreen\"><\/iframe><\/p>\n<p><a href=\"http:\/\/www.futboltotal.com.mx\/wp-content\/uploads\/2016\/05\/frase-dani-alves.png\" rel=\"attachment wp-att-399524\"><img decoding=\"async\" loading=\"lazy\" class=\"alignnone size-full wp-image-399524\" src=\"http:\/\/www.futboltotal.com.mx\/wp-content\/uploads\/2016\/05\/frase-dani-alves.png\" alt=\"frase-dani-alves\" srcset=\"http:\/\/desarrollo.grupomedios.com\/futbol\/wp-content\/uploads\/2016\/05\/frase-dani-alves.png 858w, http:\/\/desarrollo.grupomedios.com\/futbol\/wp-content\/uploads\/2016\/05\/frase-dani-alves-300x251.png 300w, http:\/\/desarrollo.grupomedios.com\/futbol\/wp-content\/uploads\/2016\/05\/frase-dani-alves-768x644.png 768w\" sizes=\"(max-width: 858px) 100vw, 858px\" \/><\/a><\/p>\n","protected":false},"excerpt":{"rendered":"<p>El jugador del Barcelona se burla de O Rei<\/p>\n","protected":false},"author":20,"featured_media":399525,"comment_status":"closed","ping_status":"closed","sticky":false,"template":"","format":"standard","meta":[],"categories":[3839,3844,4,6433],"tags":[5460,5983,246],"_links":{"self":[{"href":"http:\/\/desarrollo.grupomedios.com\/futbol\/wp-json\/wp\/v2\/posts\/399523"}],"collection":[{"href":"http:\/\/desarrollo.grupomedios.com\/futbol\/wp-json\/wp\/v2\/posts"}],"about":[{"href":"http:\/\/desarrollo.grupomedios.com\/futbol\/wp-json\/wp\/v2\/types\/post"}],"author":[{"embeddable":true,"href":"http:\/\/desarrollo.grupomedios.com\/futbol\/wp-json\/wp\/v2\/users\/20"}],"replies":[{"embeddable":true,"href":"http:\/\/desarrollo.grupomedios.com\/futbol\/wp-json\/wp\/v2\/comments?post=399523"}],"version-history":[{"count":0,"href":"http:\/\/desarrollo.grupomedios.com\/futbol\/wp-json\/wp\/v2\/posts\/399523\/revisions"}],"wp:featuredmedia":[{"embeddable":true,"href":"http:\/\/desarrollo.grupomedios.com\/futbol\/wp-json\/wp\/v2\/media\/399525"}],"wp:attachment":[{"href":"http:\/\/desarrollo.grupomedios.com\/futbol\/wp-json\/wp\/v2\/media?parent=399523"}],"wp:term":[{"taxonomy":"category","embeddable":true,"href":"http:\/\/desarrollo.grupomedios.com\/futbol\/wp-json\/wp\/v2\/categories?post=399523"},{"taxonomy":"post_tag","embeddable":true,"href":"http:\/\/desarrollo.grupomedios.com\/futbol\/wp-json\/wp\/v2\/tags?post=399523"}],"curies":[{"name":"wp","href":"https:\/\/api.w.org\/{rel}","templated":true}]}}