{"id":399723,"date":"2016-05-27T12:37:10","date_gmt":"2016-05-27T18:37:10","guid":{"rendered":"http:\/\/www.futboltotal.com.mx\/?p=399723"},"modified":"2016-05-27T12:37:10","modified_gmt":"2016-05-27T18:37:10","slug":"10-goles-los-mexicanos-en-europa","status":"publish","type":"post","link":"http:\/\/desarrollo.grupomedios.com\/futbol\/videos\/10-goles-los-mexicanos-en-europa\/2016\/05","title":{"rendered":"10 goles de los mexicanos en Europa"},"content":{"rendered":"<p>La Temporada 2015-16 result\u00f3 de ensue\u00f1o para la mayor\u00eda de los <strong>mexicanos en Europa<\/strong>, pues algunos como Ra\u00fal Jim\u00e9nez, Andr\u00e9s Guardado, H\u00e9ctor Moreno y Alan Pulido fueron campeones. Mientras que\u00a0<strong><em>Chicharito<\/em> Hern\u00e1ndez<\/strong> se convirti\u00f3 en uno de los mejores romperredes del <em>Viejo Continente<\/em>. No conforme con esto, los connacionales se despacharon con anotaciones verdaderamente memorables, de las cuales te mostramos 10.<\/p>\n<p><span style=\"color: #ff0000;\"><strong>VIDEO<\/strong>: 10 goles de los mexicanos en Europa<\/span><\/p>\n<p>[video_player]https:\/\/player.vimeo.com\/external\/168380260.sd.mp4?s=9ada4b1780f80297a2ffdb346b18c9fc8984d605&amp;profile_id=165[\/video_player]<\/p>\n","protected":false},"excerpt":{"rendered":"<p>Revive las emociones que consigui\u00f3 la legi\u00f3n azteca<\/p>\n","protected":false},"author":20,"featured_media":399725,"comment_status":"closed","ping_status":"closed","sticky":false,"template":"","format":"standard","meta":[],"categories":[5,3839,6718,4],"tags":[4545],"_links":{"self":[{"href":"http:\/\/desarrollo.grupomedios.com\/futbol\/wp-json\/wp\/v2\/posts\/399723"}],"collection":[{"href":"http:\/\/desarrollo.grupomedios.com\/futbol\/wp-json\/wp\/v2\/posts"}],"about":[{"href":"http:\/\/desarrollo.grupomedios.com\/futbol\/wp-json\/wp\/v2\/types\/post"}],"author":[{"embeddable":true,"href":"http:\/\/desarrollo.grupomedios.com\/futbol\/wp-json\/wp\/v2\/users\/20"}],"replies":[{"embeddable":true,"href":"http:\/\/desarrollo.grupomedios.com\/futbol\/wp-json\/wp\/v2\/comments?post=399723"}],"version-history":[{"count":0,"href":"http:\/\/desarrollo.grupomedios.com\/futbol\/wp-json\/wp\/v2\/posts\/399723\/revisions"}],"wp:featuredmedia":[{"embeddable":true,"href":"http:\/\/desarrollo.grupomedios.com\/futbol\/wp-json\/wp\/v2\/media\/399725"}],"wp:attachment":[{"href":"http:\/\/desarrollo.grupomedios.com\/futbol\/wp-json\/wp\/v2\/media?parent=399723"}],"wp:term":[{"taxonomy":"category","embeddable":true,"href":"http:\/\/desarrollo.grupomedios.com\/futbol\/wp-json\/wp\/v2\/categories?post=399723"},{"taxonomy":"post_tag","embeddable":true,"href":"http:\/\/desarrollo.grupomedios.com\/futbol\/wp-json\/wp\/v2\/tags?post=399723"}],"curies":[{"name":"wp","href":"https:\/\/api.w.org\/{rel}","templated":true}]}}