{"id":399812,"date":"2016-05-27T19:21:17","date_gmt":"2016-05-28T01:21:17","guid":{"rendered":"http:\/\/www.futboltotal.com.mx\/?p=399812"},"modified":"2016-05-31T11:28:18","modified_gmt":"2016-05-31T17:28:18","slug":"ehh-pu-afecta-a-nadie-juan-carlos-osorio","status":"publish","type":"post","link":"http:\/\/desarrollo.grupomedios.com\/futbol\/destacado-home\/ehh-pu-afecta-a-nadie-juan-carlos-osorio\/2016\/05","title":{"rendered":"Ehh pu&#8230;, no afecta a nadie: Juan Carlos Osorio"},"content":{"rendered":"<p>La FIFA dej\u00f3 claro que no tolerar\u00e1 ning\u00fan tipo de discriminaci\u00f3n, por ello <a href=\"http:\/\/www.futboltotal.com.mx\/2016\/05\/fifa-confirmo-castigos-cantos-racistas\/\" target=\"_blank\">volvi\u00f3 a multar a la FMF<\/a> por el grito de \u201cehh pu&#8230;\u201d al considerarlo homof\u00f3bico; sin embargo, el t\u00e9cnico de la <strong><a href=\"http:\/\/www.futboltotal.com.mx\/futbol-mexicano\/seleccion-mexicana\/\" target=\"_blank\">Selecci\u00f3n Mexicana<\/a><\/strong>, Juan Carlos Osorio, consider\u00f3 err\u00f3nea la decisi\u00f3n del organismo, ya que no da\u00f1a a nadie y se\u00f1al\u00f3 que mejor deber\u00eda centrarse en temas m\u00e1s relevantes.<\/p>\n<p>\u201cEst\u00e1 muy arraigado en la cultura mexicana. Me parece que la FIFA tiene otros t\u00f3picos mucho m\u00e1s importantes, m\u00e1s preocupantes en qu\u00e9 trabajar como en todo lo que sabe que aconteci\u00f3. Es algo que est\u00e1 muy en la cultura de los mexicanos y creo que no le hace da\u00f1o a nadie comparado con otras cosas como las barras bravas y otros pa\u00edses m\u00e1s violentos. Creo que deber\u00eda prestarles m\u00e1s atenci\u00f3n\u201d, consider\u00f3 el timonel colombiano en conferencia de prensa.<\/p>\n<blockquote class=\"twitter-tweet\" data-lang=\"es\">\n<p dir=\"ltr\" lang=\"es\">&#8220;El apoyo de nuestra afici\u00f3n es motivante. Trabajemos en equipo para erradicar el grito&#8221;: <a href=\"https:\/\/twitter.com\/JavierAquino7\">@JavierAquino7<\/a> <a href=\"https:\/\/twitter.com\/hashtag\/Am%C3%A9ricaParaLosMexicanos?src=hash\">#Am\u00e9ricaParaLosMexicanos<\/a><\/p>\n<p>\u2014 Selecci\u00f3n Nacional (@miseleccionmx) <a href=\"https:\/\/twitter.com\/miseleccionmx\/status\/736332788702400512\">27 de mayo de 2016<\/a><\/p><\/blockquote>\n<p><script src=\"\/\/platform.twitter.com\/widgets.js\" async=\"\" charset=\"utf-8\"><\/script><\/p>\n<p>En \u00e9se terno, Javier Aquino agradeci\u00f3 el apoyo de la afici\u00f3n, pero la exhort\u00f3 a evitar dicho grito para que ya no se den m\u00e1s sanciones.<\/p>\n<p>\u201cSiempre tener el apoyo de nuestra afici\u00f3n es motivante, pero tambi\u00e9n deben intentar ponerse de nuestro lado y que trabajemos en equipo para que no se sancione y que todos entiendan que es por el bien del equipo\u201d, a\u00f1adi\u00f3.<\/p>\n<p><span style=\"color: #ff0000;\"><strong>VIDEO<\/strong>: Cascarita FT | Calentamiento antes de la cascara<\/span><br \/>\n[video_player]https:\/\/player.vimeo.com\/external\/167192603.hd.mp4?s=0604a86c1155c159307d30b42be87ddbffd4919c&amp;profile_id=119[\/video_player]<\/p>\n","protected":false},"excerpt":{"rendered":"<p>El DT del Tri consider\u00f3 err\u00f3nea la postura de la FIFA <\/p>\n","protected":false},"author":20,"featured_media":399813,"comment_status":"closed","ping_status":"closed","sticky":false,"template":"","format":"standard","meta":[],"categories":[6950,5,2198,3847,6951],"tags":[6196,5979],"_links":{"self":[{"href":"http:\/\/desarrollo.grupomedios.com\/futbol\/wp-json\/wp\/v2\/posts\/399812"}],"collection":[{"href":"http:\/\/desarrollo.grupomedios.com\/futbol\/wp-json\/wp\/v2\/posts"}],"about":[{"href":"http:\/\/desarrollo.grupomedios.com\/futbol\/wp-json\/wp\/v2\/types\/post"}],"author":[{"embeddable":true,"href":"http:\/\/desarrollo.grupomedios.com\/futbol\/wp-json\/wp\/v2\/users\/20"}],"replies":[{"embeddable":true,"href":"http:\/\/desarrollo.grupomedios.com\/futbol\/wp-json\/wp\/v2\/comments?post=399812"}],"version-history":[{"count":0,"href":"http:\/\/desarrollo.grupomedios.com\/futbol\/wp-json\/wp\/v2\/posts\/399812\/revisions"}],"wp:featuredmedia":[{"embeddable":true,"href":"http:\/\/desarrollo.grupomedios.com\/futbol\/wp-json\/wp\/v2\/media\/399813"}],"wp:attachment":[{"href":"http:\/\/desarrollo.grupomedios.com\/futbol\/wp-json\/wp\/v2\/media?parent=399812"}],"wp:term":[{"taxonomy":"category","embeddable":true,"href":"http:\/\/desarrollo.grupomedios.com\/futbol\/wp-json\/wp\/v2\/categories?post=399812"},{"taxonomy":"post_tag","embeddable":true,"href":"http:\/\/desarrollo.grupomedios.com\/futbol\/wp-json\/wp\/v2\/tags?post=399812"}],"curies":[{"name":"wp","href":"https:\/\/api.w.org\/{rel}","templated":true}]}}