{"id":399817,"date":"2016-05-27T19:21:17","date_gmt":"2016-05-28T01:21:17","guid":{"rendered":"http:\/\/www.futboltotal.com.mx\/?p=399817"},"modified":"2016-05-31T11:18:12","modified_gmt":"2016-05-31T17:18:12","slug":"juan-carlos-osorio-rotara-a-los-tres-porteros-del-tri","status":"publish","type":"post","link":"http:\/\/desarrollo.grupomedios.com\/futbol\/futbol-mexicano\/juan-carlos-osorio-rotara-a-los-tres-porteros-del-tri\/2016\/05","title":{"rendered":"Juan Carlos Osorio rotar\u00e1 a los tres porteros del Tri"},"content":{"rendered":"<p>En los \u00faltimos a\u00f1os, la posici\u00f3n m\u00e1s peleada de la <strong><a href=\"http:\/\/www.futboltotal.com.mx\/futbol-mexicano\/seleccion-mexicana\/\" target=\"_blank\">Selecci\u00f3n Mexicana<\/a><\/strong> es la porter\u00eda, por eso el t\u00e9cnico <strong>Juan Carlos Osorio<\/strong> afirm\u00f3 que rotar\u00e1 a sus tres arqueros de cara a la Copa Am\u00e9rica, iniciando por el partido amistoso contra <strong>Paraguay<\/strong> este s\u00e1bado (16:00 horas).<\/p>\n<p>&#8220;Al igual que en varias posiciones, le vamos a tratar de dar oportunidad a los tres porteros (Alfredo Talavera, Guillermo Ochoa y Jes\u00fas Corona). Creemos que una de las grandes virtudes del grupo es la competencia y creemos que todos tienen las mismas opciones para competir&#8221;, explic\u00f3<\/p>\n<blockquote class=\"twitter-tweet\" data-lang=\"es\">\n<p dir=\"ltr\" lang=\"es\">&#8220;Es un placer estar en Atlanta y esperemos que ma\u00f1ana haya estadio lleno&#8221;: Osorio<a href=\"https:\/\/twitter.com\/hashtag\/Am%C3%A9ricaParaLosMexicanos?src=hash\">#Am\u00e9ricaParaLosMexicanos<\/a><\/p>\n<p>\u2014 Selecci\u00f3n Nacional (@miseleccionmx) <a href=\"https:\/\/twitter.com\/miseleccionmx\/status\/736332070306205696\">27 de mayo de 2016<\/a><\/p><\/blockquote>\n<p><script src=\"\/\/platform.twitter.com\/widgets.js\" async=\"\" charset=\"utf-8\"><\/script><\/p>\n<p>Sobre el encuentro frente a la escuadra guaran\u00ed, el DT colombiano confes\u00f3 que cambiar\u00e1 su estrategia, pues el parado del rival en turno as\u00ed lo requiere.<\/p>\n<p style=\"text-align: center;\"><span style=\"color: #3366ff;\"><strong><a style=\"color: #3366ff;\" href=\"http:\/\/www.futboltotal.com.mx\/2016\/05\/ehh-pu-afecta-a-nadie-juan-carlos-osorio\/\" target=\"_blank\">LEER M\u00c1S: Juan Carlos Osorio critica a la FIFA por multa<\/a><\/strong><\/span><\/p>\n<p>\u201c<strong>Paraguay<\/strong> utiliza un 4-4-2 como Uruguay, con jugadores diferentes con dos en punta, muy buenos en el futbol a\u00e9reo, pensamos defender con tres, vamos a hacerlo, lo analizaremos y ya el resto lo ver\u00e1n ma\u00f1ana\u201d, explic\u00f3.<\/p>\n<p><span style=\"color: #ff0000;\"><strong>VIDEO<\/strong>: Cascarita FT | Calentamiento antes de la cascara<\/span><br \/>\n[video_player]https:\/\/player.vimeo.com\/external\/167192603.hd.mp4?s=0604a86c1155c159307d30b42be87ddbffd4919c&amp;profile_id=119[\/video_player]<\/p>\n","protected":false},"excerpt":{"rendered":"<p>El t\u00e9cnico tambi\u00e9n cambiar\u00e1 su estrategia contra Paraguay <\/p>\n","protected":false},"author":20,"featured_media":399818,"comment_status":"closed","ping_status":"closed","sticky":false,"template":"","format":"standard","meta":[],"categories":[6950,2198,3847,6951,5950],"tags":[6196,5979],"_links":{"self":[{"href":"http:\/\/desarrollo.grupomedios.com\/futbol\/wp-json\/wp\/v2\/posts\/399817"}],"collection":[{"href":"http:\/\/desarrollo.grupomedios.com\/futbol\/wp-json\/wp\/v2\/posts"}],"about":[{"href":"http:\/\/desarrollo.grupomedios.com\/futbol\/wp-json\/wp\/v2\/types\/post"}],"author":[{"embeddable":true,"href":"http:\/\/desarrollo.grupomedios.com\/futbol\/wp-json\/wp\/v2\/users\/20"}],"replies":[{"embeddable":true,"href":"http:\/\/desarrollo.grupomedios.com\/futbol\/wp-json\/wp\/v2\/comments?post=399817"}],"version-history":[{"count":0,"href":"http:\/\/desarrollo.grupomedios.com\/futbol\/wp-json\/wp\/v2\/posts\/399817\/revisions"}],"wp:featuredmedia":[{"embeddable":true,"href":"http:\/\/desarrollo.grupomedios.com\/futbol\/wp-json\/wp\/v2\/media\/399818"}],"wp:attachment":[{"href":"http:\/\/desarrollo.grupomedios.com\/futbol\/wp-json\/wp\/v2\/media?parent=399817"}],"wp:term":[{"taxonomy":"category","embeddable":true,"href":"http:\/\/desarrollo.grupomedios.com\/futbol\/wp-json\/wp\/v2\/categories?post=399817"},{"taxonomy":"post_tag","embeddable":true,"href":"http:\/\/desarrollo.grupomedios.com\/futbol\/wp-json\/wp\/v2\/tags?post=399817"}],"curies":[{"name":"wp","href":"https:\/\/api.w.org\/{rel}","templated":true}]}}