{"id":399857,"date":"2016-05-28T10:10:52","date_gmt":"2016-05-28T16:10:52","guid":{"rendered":"http:\/\/www.futboltotal.com.mx\/?p=399857"},"modified":"2016-05-28T16:58:49","modified_gmt":"2016-05-28T22:58:49","slug":"lewandowski-cerca-fichar-real-madrid","status":"publish","type":"post","link":"http:\/\/desarrollo.grupomedios.com\/futbol\/futbol-internacional\/lewandowski-cerca-fichar-real-madrid\/2016\/05","title":{"rendered":"Lewandowski, cerca de fichar con Real Madrid"},"content":{"rendered":"<p>El <strong>Real Madrid<\/strong> ha dado el primer paso para fichar al delantero polaco <strong>Robert Lewandowski<\/strong>. Este s\u00e1bado,\u00a0Cezaru Kucharsk, representante del jugador del Bayern M\u00fanich, admiti\u00f3 que ha tenido contactos con la directiva el conjunto blanco, que pretende cerrar la operaci\u00f3n en el pr\u00f3ximo mercado estival.<\/p>\n<p>&#8220;El Real Madrid se dirigi\u00f3 a nosotros hace unas semanas. Les escuchamos e informamos al Bayern de las conversaciones mantenidas con ellos&#8221;, revel\u00f3 al semanario <em>Der\u00a0Spiegel,\u00a0<\/em>al tiempo que reconoci\u00f3: &#8220;la pr\u00f3xima semana tendremos una reuni\u00f3n con la directiva para saber si est\u00e1n dispuesto a negociar o no&#8221;.<\/p>\n<p style=\"text-align: center;\"><span style=\"color: #3366ff;\"><strong><a style=\"color: #3366ff;\" href=\"http:\/\/www.futboltotal.com.mx\/2016\/05\/zlatan-anuncia-retirada-la-seleccion-sueca\/\">LEER M\u00c1S: Ibrahimovic dejar\u00e1 a la Selecci\u00f3n de Suecia<\/a><\/strong><\/span><\/p>\n<p><strong>Lewandowksi<\/strong>, que en la temporada 2015-16 acab\u00f3 como el campe\u00f3n de goleo de la Bundesliga, llegar\u00eda al club <em>blanco\u00a0<\/em>con un salario anual de 25 millones de euros, una cifra que duplica sin complicaciones los ingresos que ahora tiene con el cuadro muniqu\u00e9s, con el cual tiene contrato hasta 2019.<\/p>\n<p>Adem\u00e1s de la informaci\u00f3n que publica el medio citado, la prensa alemana tambi\u00e9n especula con la posibilidad de que las declaraciones de\u00a0Kucharsk solo sean para tratar de conseguir un aumento sustancial en el salario de <strong>Lewandowsk<\/strong>i. Al margen de ello, habr\u00e1 que esperar a la reuni\u00f3n pactada para saber si el polaco puede dejar o no la disciplina del conjunto b\u00e1varo, que el pr\u00f3ximo curso estar\u00e1 bajo la tutela de Carlo Ancelotti.<\/p>\n","protected":false},"excerpt":{"rendered":"<p>El agente del goleador alem\u00e1n confirma contactos con los Merengues<\/p>\n","protected":false},"author":20,"featured_media":400109,"comment_status":"closed","ping_status":"closed","sticky":false,"template":"","format":"standard","meta":[],"categories":[3839,6822,5951],"tags":[6038],"_links":{"self":[{"href":"http:\/\/desarrollo.grupomedios.com\/futbol\/wp-json\/wp\/v2\/posts\/399857"}],"collection":[{"href":"http:\/\/desarrollo.grupomedios.com\/futbol\/wp-json\/wp\/v2\/posts"}],"about":[{"href":"http:\/\/desarrollo.grupomedios.com\/futbol\/wp-json\/wp\/v2\/types\/post"}],"author":[{"embeddable":true,"href":"http:\/\/desarrollo.grupomedios.com\/futbol\/wp-json\/wp\/v2\/users\/20"}],"replies":[{"embeddable":true,"href":"http:\/\/desarrollo.grupomedios.com\/futbol\/wp-json\/wp\/v2\/comments?post=399857"}],"version-history":[{"count":0,"href":"http:\/\/desarrollo.grupomedios.com\/futbol\/wp-json\/wp\/v2\/posts\/399857\/revisions"}],"wp:featuredmedia":[{"embeddable":true,"href":"http:\/\/desarrollo.grupomedios.com\/futbol\/wp-json\/wp\/v2\/media\/400109"}],"wp:attachment":[{"href":"http:\/\/desarrollo.grupomedios.com\/futbol\/wp-json\/wp\/v2\/media?parent=399857"}],"wp:term":[{"taxonomy":"category","embeddable":true,"href":"http:\/\/desarrollo.grupomedios.com\/futbol\/wp-json\/wp\/v2\/categories?post=399857"},{"taxonomy":"post_tag","embeddable":true,"href":"http:\/\/desarrollo.grupomedios.com\/futbol\/wp-json\/wp\/v2\/tags?post=399857"}],"curies":[{"name":"wp","href":"https:\/\/api.w.org\/{rel}","templated":true}]}}