{"id":400436,"date":"2016-05-30T12:01:32","date_gmt":"2016-05-30T18:01:32","guid":{"rendered":"http:\/\/www.futboltotal.com.mx\/?p=400436"},"modified":"2016-05-30T12:02:53","modified_gmt":"2016-05-30T18:02:53","slug":"gerardo-torrado-le-pone-fecha-a-retiro","status":"publish","type":"post","link":"http:\/\/desarrollo.grupomedios.com\/futbol\/futbol-mexicano\/gerardo-torrado-le-pone-fecha-a-retiro\/2016\/05","title":{"rendered":"Un a\u00f1o m\u00e1s\u2026 \u00a1Y adi\u00f3s!"},"content":{"rendered":"<p><strong>Gerardo Torrado<\/strong>, jugador de <strong>Cruz Azul<\/strong>, espera jugar un a\u00f1o m\u00e1s. Y tras culminar ese lapos de tiempo, confes\u00f3 que anunciar\u00e1 su retiro del futbol profesional. En ese contexto, el volante mexicano espera jugar un par de torneos m\u00e1s con la <em>M\u00e1quina<\/em>.<\/p>\n<p>\u201cLo tengo claro, ahora voy seis meses tras seis meses o un a\u00f1o m\u00e1ximo. Despu\u00e9s de ese tiempo me enfocar\u00e9 en la siguiente etapa de mi vida y anunciar\u00e9 mi retiro, pero no creo que juegue m\u00e1s de un a\u00f1o\u201d, dijo <strong>Torrado<\/strong> en entrevista para <em>ESPN<\/em>.<\/p>\n<p style=\"text-align: center;\"><span style=\"color: #3366ff;\"><strong><a style=\"color: #3366ff;\" href=\"http:\/\/www.futboltotal.com.mx\/2016\/04\/gerardo-torrado-sin-titulos-liga-mx\/\">LEER M\u00c1S: Torrado, un gigante con sequ\u00eda en la Liga MX<\/a><\/strong><\/span><\/p>\n<p>Sobre su futuro inmediato, el mediocampista de 37 a\u00f1os no sabe si continuar\u00e1 con <strong>Cruz Azul<\/strong>, aunque\u00a0espera retirarse en el equipo que lo trajo de regreso al futbol mexicano en el 2005.<\/p>\n<p>\u201cNo tengo contrato con <strong>Cruz Azul<\/strong> y estoy viendo si contin\u00fao en la instituci\u00f3n o no, pero no puedo decir nada todav\u00eda, espero que a inicios de esta semana tenga algo m\u00e1s claro\u201d, mencion\u00f3 <strong>Gerardo Torrado<\/strong>,\u00a0quien\u00a0ha ganado la Copa MX y la Concachampions con el cuadro <em>cementero<\/em>.<\/p>\n<p style=\"text-align: center;\"><span style=\"color: #3366ff;\"><strong><a style=\"color: #3366ff;\" href=\"http:\/\/www.futboltotal.com.mx\/2016\/05\/cruz-azul-se-suma-a-los-interesados-gabriel-mercado\/\">LEER M\u00c1S: Cruz Azul robar\u00eda fichaje a Am\u00e9rica y Pumas<\/a><\/strong><\/span><\/p>\n<p>Por otra parte, cabe apuntar que en los \u00faltimos d\u00edas acrecent\u00f3\u00a0el rumor sobre el inter\u00e9s de los\u00a0<em>Rayos<\/em>\u00a0del\u00a0<strong>Necaxa<\/strong>\u00a0por\u00a0<strong>Torrado<\/strong>.\u00a0Las versiones apuntan que el cuadro de Aguascalientes,\u00a0que regresar\u00e1 a Primera Divisi\u00f3n tras cinco a\u00f1os de ausencia, pretende hacerse de los servicios de\u00a0mediocampista.<\/p>\n","protected":false},"excerpt":{"rendered":"<p>Gerardo Torrado le pone fecha a su retiro<\/p>\n","protected":false},"author":20,"featured_media":400439,"comment_status":"closed","ping_status":"closed","sticky":false,"template":"","format":"standard","meta":[],"categories":[2198,3845,5950],"tags":[5962,379],"_links":{"self":[{"href":"http:\/\/desarrollo.grupomedios.com\/futbol\/wp-json\/wp\/v2\/posts\/400436"}],"collection":[{"href":"http:\/\/desarrollo.grupomedios.com\/futbol\/wp-json\/wp\/v2\/posts"}],"about":[{"href":"http:\/\/desarrollo.grupomedios.com\/futbol\/wp-json\/wp\/v2\/types\/post"}],"author":[{"embeddable":true,"href":"http:\/\/desarrollo.grupomedios.com\/futbol\/wp-json\/wp\/v2\/users\/20"}],"replies":[{"embeddable":true,"href":"http:\/\/desarrollo.grupomedios.com\/futbol\/wp-json\/wp\/v2\/comments?post=400436"}],"version-history":[{"count":0,"href":"http:\/\/desarrollo.grupomedios.com\/futbol\/wp-json\/wp\/v2\/posts\/400436\/revisions"}],"wp:featuredmedia":[{"embeddable":true,"href":"http:\/\/desarrollo.grupomedios.com\/futbol\/wp-json\/wp\/v2\/media\/400439"}],"wp:attachment":[{"href":"http:\/\/desarrollo.grupomedios.com\/futbol\/wp-json\/wp\/v2\/media?parent=400436"}],"wp:term":[{"taxonomy":"category","embeddable":true,"href":"http:\/\/desarrollo.grupomedios.com\/futbol\/wp-json\/wp\/v2\/categories?post=400436"},{"taxonomy":"post_tag","embeddable":true,"href":"http:\/\/desarrollo.grupomedios.com\/futbol\/wp-json\/wp\/v2\/tags?post=400436"}],"curies":[{"name":"wp","href":"https:\/\/api.w.org\/{rel}","templated":true}]}}