{"id":400473,"date":"2016-05-30T13:00:04","date_gmt":"2016-05-30T19:00:04","guid":{"rendered":"http:\/\/www.futboltotal.com.mx\/?p=400473"},"modified":"2016-05-31T11:25:27","modified_gmt":"2016-05-31T17:25:27","slug":"keylor-navas-lesionado-en-duda-copa-america","status":"publish","type":"post","link":"http:\/\/desarrollo.grupomedios.com\/futbol\/destacado-home\/keylor-navas-lesionado-en-duda-copa-america\/2016\/05","title":{"rendered":"Keylor Navas puede perderse la Copa Am\u00e9rica"},"content":{"rendered":"<p>El portero costarricense <strong>Keylor Navas<\/strong> puede perderse la <strong>Copa Am\u00e9rica Centenario<\/strong> a consecuencia de una lesi\u00f3n que padece en el tend\u00f3n de Aquiles izquierdo, la cual le fue diagnosticada este lunes por el cuerpo m\u00e9dico del Real Madrid.<\/p>\n<p>&#8220;Tras las pruebas realizadas esta tarde a nuestro jugador Keylor Navas en el Hospital Universitario Sanitas La Moraleja se le ha diagnosticado una tendinopat\u00eda aqu\u00edlea en su pie izquierdo. Pendiente de evoluci\u00f3n&#8221;, informa el parte m\u00e9dico emitido por el club.<\/p>\n<p style=\"text-align: center;\"><span style=\"color: #3366ff;\"><strong><a style=\"color: #3366ff;\" href=\"http:\/\/www.futboltotal.com.mx\/copa-america-2016\/\">LEER M\u00c1S: Todas las noticias de Copa Am\u00e9rica<\/a>\u00a0<\/strong><\/span><\/p>\n<p>Solo un par de d\u00edas despu\u00e9s de haber conquistado por primera vez la Liga de Campeones con el Real Madrid el pasado fin de semana, <strong>Keylor Navas<\/strong> enciende las alarmas en Costa Rica con un diagn\u00f3stico poco alentador debido a que la lesi\u00f3n es de car\u00e1cter cr\u00f3nico. El arquero la sufri\u00f3 por primera vez en plena disputa del Mundial de Brasil en 2014 y no ha podido superarla desde entonces. De hecho,\u00a0en junio de 2015 se someti\u00f3 a un tratamiento para tratar de aliviarla y a la postre se qued\u00f3 sin disputar la \u00faltima Copa Oro.<\/p>\n<p>En caso de que <strong>Navas<\/strong> se pierda la justa, el entrenador de Costa Rica, \u00d3scar Ram\u00edrez, tiene como opciones en la porter\u00eda a\u00a0Patrick Pemberton (Alajuelense) y Esteban Alvarado (Trabzonspor) -este \u00faltimo relev\u00f3 de<strong> Keylor<\/strong> en la Copa bajo el mando de Wanchope-. Seg\u00fan la prensa <em>tica,<\/em>\u00a0la baja de Keylor puede confirmarse este mi\u00e9rcoles, cuando el arquero sea valorado una vez m\u00e1s tras arribar con la selecci\u00f3n de cara al \u00a0arranque de la justa en la que se presentan el pr\u00f3ximo s\u00e1bado 4 de junio ante Paraguay.<\/p>\n<p>&nbsp;<\/p>\n<p>&nbsp;<\/p>\n","protected":false},"excerpt":{"rendered":"<p>El arquero costarricense sufre una tendinopat\u00eda aqu\u00edlea en el pie izquierdo<\/p>\n","protected":false},"author":20,"featured_media":400492,"comment_status":"closed","ping_status":"closed","sticky":false,"template":"","format":"standard","meta":[],"categories":[6950,5,3839,6953],"tags":[5590],"_links":{"self":[{"href":"http:\/\/desarrollo.grupomedios.com\/futbol\/wp-json\/wp\/v2\/posts\/400473"}],"collection":[{"href":"http:\/\/desarrollo.grupomedios.com\/futbol\/wp-json\/wp\/v2\/posts"}],"about":[{"href":"http:\/\/desarrollo.grupomedios.com\/futbol\/wp-json\/wp\/v2\/types\/post"}],"author":[{"embeddable":true,"href":"http:\/\/desarrollo.grupomedios.com\/futbol\/wp-json\/wp\/v2\/users\/20"}],"replies":[{"embeddable":true,"href":"http:\/\/desarrollo.grupomedios.com\/futbol\/wp-json\/wp\/v2\/comments?post=400473"}],"version-history":[{"count":0,"href":"http:\/\/desarrollo.grupomedios.com\/futbol\/wp-json\/wp\/v2\/posts\/400473\/revisions"}],"wp:featuredmedia":[{"embeddable":true,"href":"http:\/\/desarrollo.grupomedios.com\/futbol\/wp-json\/wp\/v2\/media\/400492"}],"wp:attachment":[{"href":"http:\/\/desarrollo.grupomedios.com\/futbol\/wp-json\/wp\/v2\/media?parent=400473"}],"wp:term":[{"taxonomy":"category","embeddable":true,"href":"http:\/\/desarrollo.grupomedios.com\/futbol\/wp-json\/wp\/v2\/categories?post=400473"},{"taxonomy":"post_tag","embeddable":true,"href":"http:\/\/desarrollo.grupomedios.com\/futbol\/wp-json\/wp\/v2\/tags?post=400473"}],"curies":[{"name":"wp","href":"https:\/\/api.w.org\/{rel}","templated":true}]}}