{"id":400592,"date":"2016-05-31T09:45:21","date_gmt":"2016-05-31T15:45:21","guid":{"rendered":"http:\/\/www.futboltotal.com.mx\/?p=400592"},"modified":"2016-05-31T15:58:17","modified_gmt":"2016-05-31T21:58:17","slug":"argentina-convoca-a-guido-pizarro-para-copa-america","status":"publish","type":"post","link":"http:\/\/desarrollo.grupomedios.com\/futbol\/top-internacional-home\/argentina-convoca-a-guido-pizarro-para-copa-america\/2016\/05","title":{"rendered":"Argentina convoca a Guido Pizarro para Copa Am\u00e9rica"},"content":{"rendered":"<p>El mediocampista de Tigres <strong>Guido Pizarro<\/strong>, formar\u00e1 parte de los 23 jugadores de <strong>Argentina<\/strong> que disputar\u00e1 la <strong>Copa Am\u00e9rica<\/strong> Centenario.<\/p>\n<blockquote class=\"twitter-tweet\" data-lang=\"es\">\n<p dir=\"ltr\" lang=\"es\">&#8211;<a href=\"https:\/\/twitter.com\/Argentina\">@Argentina<\/a> convoc\u00f3 a nuestro jugador Guido Pizarro para integrarse al equipo que jugar\u00e1 la <a href=\"https:\/\/twitter.com\/CA2016\">@CA2016<\/a>, lo felicitamos y le deseamos suerte.<\/p>\n<p>\u2014 CLUB TIGRES OFICIAL (@TigresOficial) <a href=\"https:\/\/twitter.com\/TigresOficial\/status\/737663449157619716\">31 de mayo de 2016<\/a><\/p><\/blockquote>\n<p>El futbolista de los felinos reemplazar\u00e1 al lesionado Lucas Biglia, a quien se le diagnostic\u00f3 un desgarre en el entrenamiento por lo que se perder\u00e1 la competencia\u00a0ya que\u00a0el tiempo de recuperaci\u00f3n es de un mes aproximadamente.<\/p>\n<p>Con la inclusi\u00f3n de <strong>Guido Pizarro<\/strong> en la plantilla argentina, se une a Nahuel Guzm\u00e1n, que tambi\u00e9n es su compa\u00f1ero en Tigres y con quien coincidir\u00e1 en la convocatoria para disputar la <strong>Copa Am\u00e9rica<\/strong>.<\/p>\n<p><script src=\"\/\/platform.twitter.com\/widgets.js\" async=\"\" charset=\"utf-8\"><\/script><\/p>\n","protected":false},"excerpt":{"rendered":"<p>Pizarro sustituir\u00e1 a Lucas Biglia en Argentina<\/p>\n","protected":false},"author":20,"featured_media":400604,"comment_status":"closed","ping_status":"closed","sticky":false,"template":"","format":"standard","meta":[],"categories":[6950,6953,5951],"tags":[5996,3991,5973],"_links":{"self":[{"href":"http:\/\/desarrollo.grupomedios.com\/futbol\/wp-json\/wp\/v2\/posts\/400592"}],"collection":[{"href":"http:\/\/desarrollo.grupomedios.com\/futbol\/wp-json\/wp\/v2\/posts"}],"about":[{"href":"http:\/\/desarrollo.grupomedios.com\/futbol\/wp-json\/wp\/v2\/types\/post"}],"author":[{"embeddable":true,"href":"http:\/\/desarrollo.grupomedios.com\/futbol\/wp-json\/wp\/v2\/users\/20"}],"replies":[{"embeddable":true,"href":"http:\/\/desarrollo.grupomedios.com\/futbol\/wp-json\/wp\/v2\/comments?post=400592"}],"version-history":[{"count":0,"href":"http:\/\/desarrollo.grupomedios.com\/futbol\/wp-json\/wp\/v2\/posts\/400592\/revisions"}],"wp:featuredmedia":[{"embeddable":true,"href":"http:\/\/desarrollo.grupomedios.com\/futbol\/wp-json\/wp\/v2\/media\/400604"}],"wp:attachment":[{"href":"http:\/\/desarrollo.grupomedios.com\/futbol\/wp-json\/wp\/v2\/media?parent=400592"}],"wp:term":[{"taxonomy":"category","embeddable":true,"href":"http:\/\/desarrollo.grupomedios.com\/futbol\/wp-json\/wp\/v2\/categories?post=400592"},{"taxonomy":"post_tag","embeddable":true,"href":"http:\/\/desarrollo.grupomedios.com\/futbol\/wp-json\/wp\/v2\/tags?post=400592"}],"curies":[{"name":"wp","href":"https:\/\/api.w.org\/{rel}","templated":true}]}}