{"id":400608,"date":"2016-05-31T14:21:15","date_gmt":"2016-05-31T20:21:15","guid":{"rendered":"http:\/\/www.futboltotal.com.mx\/?p=400608"},"modified":"2016-05-31T14:23:23","modified_gmt":"2016-05-31T20:23:23","slug":"presentan-a-francisco-palencia-director-tecnico-pumas","status":"publish","type":"post","link":"http:\/\/desarrollo.grupomedios.com\/futbol\/destacado-home\/presentan-a-francisco-palencia-director-tecnico-pumas\/2016\/05","title":{"rendered":"Inicia una nueva Era en Pumas"},"content":{"rendered":"<p>Rodrigo Ares, flamante\u00a0presidente de los<strong> <a href=\"http:\/\/www.futboltotal.com.mx\/equipos\/unam\/\" target=\"_blank\">Pumas<\/a><\/strong><a href=\"http:\/\/www.futboltotal.com.mx\/equipos\/unam\/\" target=\"_blank\"> de la UNAM<\/a>, present\u00f3 de forma oficial a <strong>Juan Francisco Palencia<\/strong> como director t\u00e9cnico del primer equipo, al tiempo en que describi\u00f3 la nueva estructura del club y los objetivos de cara a la siguiente campa\u00f1a.<\/p>\n<p>Con la presencia de Jos\u00e9 Luis Arce, quien fungir\u00e1 de vicepresidente deportivo de <strong>Pumas<\/strong>, Rodrigo Ares dio la bienvenida a <strong>Francisco Palencia<\/strong>, a quien conf\u00eda las riendas del equipo universitario a largo plazo.<\/p>\n<blockquote class=\"twitter-tweet\" data-lang=\"es\">\n<p dir=\"ltr\" lang=\"es\">\u00a1Universitarios! Nuestro Director T\u00e9cnico, Francisco Palencia les env\u00eda un saludo ??\u26bd\ufe0f.<a href=\"https:\/\/twitter.com\/hashtag\/SoyDePumas?src=hash\">#SoyDePumas<\/a> <a href=\"https:\/\/t.co\/REqBGj3ySo\">pic.twitter.com\/REqBGj3ySo<\/a><\/p>\n<p>\u2014 PUMAS (@PumasMX) <a href=\"https:\/\/twitter.com\/PumasMX\/status\/737702006521921536\">31 de mayo de 2016<\/a><\/p><\/blockquote>\n<p><script src=\"\/\/platform.twitter.com\/widgets.js\" async=\"\" charset=\"utf-8\"><\/script><\/p>\n<p>&#8220;Nos hemos planteado objetivos a corto y largo plazo. Queremos Liguilla y buscar el campeonato. Como <strong>Pumas<\/strong> es un equipo grande, tiene la obligaci\u00f3n a calificar&#8221;, fueron las primeras palabras de <strong>Francisco Palencia<\/strong>\u00a0como estratega del club.<\/p>\n<p>Rodrigo Ares, por su parte, se\u00f1al\u00f3 que <strong>Pumas<\/strong> buscar\u00e1 usar la menor cantidad posible de extranjeros en el equipo, adem\u00e1s de que conf\u00eda, en que <strong>Francisco Palencia<\/strong> haga uso de la cantera y la pueda pulir en la m\u00e1xima categor\u00eda.<\/p>\n<p style=\"text-align: center;\"><span style=\"color: #3366ff;\"><strong><a style=\"color: #3366ff;\" href=\"http:\/\/www.futboltotal.com.mx\/2016\/05\/futbol-estufa-rumbo-al-apertura-2016-altas-bajas-rumores\/\" target=\"_blank\">LEER M\u00c1S: Futbol de Estufa | Apertura 2016<\/a><\/strong><\/span><\/p>\n<p>&#8220;No hay premio por calificar a la Liguilla. Desde semifinal, hay premio, pero calificar debe ser una obligaci\u00f3n. <em>Paco<\/em> sabe que tiene que voltear a ver a la cantera para suplir las bajas que se den. La filosof\u00eda de <strong>Pumas<\/strong>, a largo plazo, ser\u00e1 regresar a cuatro o cinco no nacidos en M\u00e9xico&#8221;, concluy\u00f3 el directivo.<\/p>\n<p>La nueva estructura de <strong>Pumas<\/strong> qued\u00f3 de la siguiente manera: Jos\u00e9 Luis Arce, vicepresidente; Sergio Egea, director de fuerzas b\u00e1sicas; Ariel Gonz\u00e1lez, coordinador de preparaci\u00f3n f\u00edsica; Pablo Bonells, titular de evaluaci\u00f3n y seguimiento deportivo; Radam\u00e9s Gaxiola, jefe de servicios m\u00e9dicos; David Pati\u00f1o y Marcos Reina, auxiliares t\u00e9cnicos, y Leandro Augusto, como enlace entre fuerzas b\u00e1sicas y primer equipo.<\/p>\n","protected":false},"excerpt":{"rendered":"<p>Presentan a Juan Francisco Palencia como DT auriazul<\/p>\n","protected":false},"author":20,"featured_media":400609,"comment_status":"closed","ping_status":"closed","sticky":false,"template":"","format":"standard","meta":[],"categories":[5,2198,3845],"tags":[1449,74],"_links":{"self":[{"href":"http:\/\/desarrollo.grupomedios.com\/futbol\/wp-json\/wp\/v2\/posts\/400608"}],"collection":[{"href":"http:\/\/desarrollo.grupomedios.com\/futbol\/wp-json\/wp\/v2\/posts"}],"about":[{"href":"http:\/\/desarrollo.grupomedios.com\/futbol\/wp-json\/wp\/v2\/types\/post"}],"author":[{"embeddable":true,"href":"http:\/\/desarrollo.grupomedios.com\/futbol\/wp-json\/wp\/v2\/users\/20"}],"replies":[{"embeddable":true,"href":"http:\/\/desarrollo.grupomedios.com\/futbol\/wp-json\/wp\/v2\/comments?post=400608"}],"version-history":[{"count":0,"href":"http:\/\/desarrollo.grupomedios.com\/futbol\/wp-json\/wp\/v2\/posts\/400608\/revisions"}],"wp:featuredmedia":[{"embeddable":true,"href":"http:\/\/desarrollo.grupomedios.com\/futbol\/wp-json\/wp\/v2\/media\/400609"}],"wp:attachment":[{"href":"http:\/\/desarrollo.grupomedios.com\/futbol\/wp-json\/wp\/v2\/media?parent=400608"}],"wp:term":[{"taxonomy":"category","embeddable":true,"href":"http:\/\/desarrollo.grupomedios.com\/futbol\/wp-json\/wp\/v2\/categories?post=400608"},{"taxonomy":"post_tag","embeddable":true,"href":"http:\/\/desarrollo.grupomedios.com\/futbol\/wp-json\/wp\/v2\/tags?post=400608"}],"curies":[{"name":"wp","href":"https:\/\/api.w.org\/{rel}","templated":true}]}}