{"id":400612,"date":"2016-05-31T10:38:03","date_gmt":"2016-05-31T16:38:03","guid":{"rendered":"http:\/\/www.futboltotal.com.mx\/?p=400612"},"modified":"2016-05-31T11:25:17","modified_gmt":"2016-05-31T17:25:17","slug":"keylor-navas-se-queda-sin-copa-america","status":"publish","type":"post","link":"http:\/\/desarrollo.grupomedios.com\/futbol\/destacado-home\/keylor-navas-se-queda-sin-copa-america\/2016\/05","title":{"rendered":"Keylor Navas se queda sin Copa Am\u00e9rica"},"content":{"rendered":"<p>La <strong>Copa Am\u00e9rica<\/strong> Centenario est\u00e1 por comenzar y parece que lo har\u00e1 con varias de sus figuras lesionadas. Esta vez el turno fue para <strong>Costa Rica<\/strong>, que se queda sin su estrella <strong>Keylor Navas<\/strong> para disputar el certamen continental.<\/p>\n<blockquote class=\"twitter-tweet\" data-lang=\"es\">\n<p dir=\"ltr\" lang=\"es\">.<a href=\"https:\/\/twitter.com\/NavasKeylor\">@NavasKeylor<\/a>, guardameta de <a href=\"https:\/\/twitter.com\/hashtag\/LaSele?src=hash\">#LaSele<\/a> se perder\u00e1 la <a href=\"https:\/\/twitter.com\/CA2016\">@CA2016<\/a>.<\/p>\n<p>? Los detalles en esta nota: <a href=\"https:\/\/t.co\/t3emCfxY9F\">https:\/\/t.co\/t3emCfxY9F<\/a><a href=\"https:\/\/t.co\/WCKHi5do5L\">pic.twitter.com\/WCKHi5do5L<\/a><\/p>\n<p>\u2014 FEDEFUTBOL (@FEDEFUTBOL_CR) <a href=\"https:\/\/twitter.com\/FEDEFUTBOL_CR\/status\/737483639819243520\">31 de mayo de 2016<\/a><\/p><\/blockquote>\n<p>Los rumores sobre su posible baja surgieron el pasado lunes cuando el Real Madrid emiti\u00f3 un comunicado en donde se explicaba la posible lesi\u00f3n del portero, pues despu\u00e9s del juego de la Final de la Champions League se resinti\u00f3 de un viejo dolor que ten\u00eda en su pie izquierdo.<\/p>\n<p style=\"text-align: center;\"><span style=\"color: #3366ff;\"><a style=\"color: #3366ff;\" href=\"http:\/\/www.futboltotal.com.mx\/2016\/05\/argentina-convoca-a-guido-pizarro-para-copa-america\/\" target=\"_blank\">Leer m\u00e1s: Guido Pizarro convocado a la Copa Am\u00e9rica<\/a><\/span><\/p>\n<p>Ante la baja de <strong>Keylor Navas<\/strong>, el t\u00e9cnico de la Selecci\u00f3n de <strong>Costa Rica<\/strong>, Oscar Ram\u00edrez, convoc\u00f3 al portero del Saprissa Danny Carvajal, que vivi\u00f3 la \u00faltima temporada en la banca del club tico.<\/p>\n<p>El pr\u00f3ximo s\u00e1bado<strong> Costa Rica<\/strong> debutar\u00e1 en la <strong>Copa Am\u00e9rica<\/strong> cuando enfrente a Paraguay en su primer partido del Grupo A.<\/p>\n<p><script src=\"\/\/platform.twitter.com\/widgets.js\" async=\"\" charset=\"utf-8\"><\/script><\/p>\n","protected":false},"excerpt":{"rendered":"<p>El arquero del Real Madrid se resinti\u00f3 de una lesi\u00f3n<\/p>\n","protected":false},"author":20,"featured_media":400616,"comment_status":"closed","ping_status":"closed","sticky":false,"template":"","format":"standard","meta":[],"categories":[6950,5,3839,6953],"tags":[2130,213,5590],"_links":{"self":[{"href":"http:\/\/desarrollo.grupomedios.com\/futbol\/wp-json\/wp\/v2\/posts\/400612"}],"collection":[{"href":"http:\/\/desarrollo.grupomedios.com\/futbol\/wp-json\/wp\/v2\/posts"}],"about":[{"href":"http:\/\/desarrollo.grupomedios.com\/futbol\/wp-json\/wp\/v2\/types\/post"}],"author":[{"embeddable":true,"href":"http:\/\/desarrollo.grupomedios.com\/futbol\/wp-json\/wp\/v2\/users\/20"}],"replies":[{"embeddable":true,"href":"http:\/\/desarrollo.grupomedios.com\/futbol\/wp-json\/wp\/v2\/comments?post=400612"}],"version-history":[{"count":0,"href":"http:\/\/desarrollo.grupomedios.com\/futbol\/wp-json\/wp\/v2\/posts\/400612\/revisions"}],"wp:featuredmedia":[{"embeddable":true,"href":"http:\/\/desarrollo.grupomedios.com\/futbol\/wp-json\/wp\/v2\/media\/400616"}],"wp:attachment":[{"href":"http:\/\/desarrollo.grupomedios.com\/futbol\/wp-json\/wp\/v2\/media?parent=400612"}],"wp:term":[{"taxonomy":"category","embeddable":true,"href":"http:\/\/desarrollo.grupomedios.com\/futbol\/wp-json\/wp\/v2\/categories?post=400612"},{"taxonomy":"post_tag","embeddable":true,"href":"http:\/\/desarrollo.grupomedios.com\/futbol\/wp-json\/wp\/v2\/tags?post=400612"}],"curies":[{"name":"wp","href":"https:\/\/api.w.org\/{rel}","templated":true}]}}