{"id":400621,"date":"2016-05-31T11:01:53","date_gmt":"2016-05-31T17:01:53","guid":{"rendered":"http:\/\/www.futboltotal.com.mx\/?p=400621"},"modified":"2016-05-31T12:03:27","modified_gmt":"2016-05-31T18:03:27","slug":"los-tigres-ya-nuevo-escudo","status":"publish","type":"post","link":"http:\/\/desarrollo.grupomedios.com\/futbol\/futbol-mexicano\/los-tigres-ya-nuevo-escudo\/2016\/05","title":{"rendered":"Los Tigres tienen nuevo escudo"},"content":{"rendered":"<p>Despu\u00e9s de seis meses que obtuvieron el campeonato, los<strong> <a href=\"http:\/\/www.futboltotal.com.mx\/equipos\/tigres\/\" target=\"_blank\">Tigres<\/a><\/strong> ya presentaron el escudo en el que incluyen el cuarto t\u00edtulo que ganaron ante\u00a0<em><a href=\"http:\/\/www.futboltotal.com.mx\/equipos\/pumas\/\" target=\"_blank\">Pumas\u00a0<\/a><\/em>en el Apertura 2015.<\/p>\n<p><img decoding=\"async\" loading=\"lazy\" class=\"alignnone size-full wp-image-400626\" src=\"http:\/\/www.futboltotal.com.mx\/wp-content\/uploads\/2016\/05\/Foto-Tigres.jpg\" alt=\"Foto-Tigres\" srcset=\"http:\/\/desarrollo.grupomedios.com\/futbol\/wp-content\/uploads\/2016\/05\/Foto-Tigres.jpg 858w, http:\/\/desarrollo.grupomedios.com\/futbol\/wp-content\/uploads\/2016\/05\/Foto-Tigres-300x151.jpg 300w, http:\/\/desarrollo.grupomedios.com\/futbol\/wp-content\/uploads\/2016\/05\/Foto-Tigres-768x386.jpg 768w\" sizes=\"(max-width: 858px) 100vw, 858px\" \/><\/p>\n<p>El escudo no cambi\u00f3 de colores, solo presentaron sus cuatro estrellas en la parte de arriba y dentro del escudo desaparecieron las dos que aparec\u00edan junto al nombre de la instituci\u00f3n.<\/p>\n<p style=\"text-align: center;\"><span style=\"color: #3366ff;\">LEER M\u00c1S:\u00a0<a style=\"color: #3366ff;\" href=\"http:\/\/www.futboltotal.com.mx\/2016\/05\/marc-crosas-en-la-mira-del-necaxa\/\">MARC CROSAS, EN LA MIRA DEL NECAXA<\/a><\/span><\/p>\n<p>La idea del cambio de escudo se dio despu\u00e9s de la Final y se dijo que ser\u00eda hasta que termine el Clausura 2016, pues se ten\u00eda que replantear el escudo para acomodar las estrellas y as\u00ed servir para la nueva camiseta que se presentar\u00e1 en los pr\u00f3ximos meses.<\/p>\n<p>Incluso la cuenta oficial de <strong>Tigres<\/strong> en Twitter, @Tigresoficial, ya cuenta con esta imagen de foto de perfil.<\/p>\n","protected":false},"excerpt":{"rendered":"<p>Presentaron el cambio de estrellas en su escudo<\/p>\n","protected":false},"author":20,"featured_media":400628,"comment_status":"closed","ping_status":"closed","sticky":false,"template":"","format":"standard","meta":[],"categories":[2198,3845,5950],"tags":[6458,4773,5973],"_links":{"self":[{"href":"http:\/\/desarrollo.grupomedios.com\/futbol\/wp-json\/wp\/v2\/posts\/400621"}],"collection":[{"href":"http:\/\/desarrollo.grupomedios.com\/futbol\/wp-json\/wp\/v2\/posts"}],"about":[{"href":"http:\/\/desarrollo.grupomedios.com\/futbol\/wp-json\/wp\/v2\/types\/post"}],"author":[{"embeddable":true,"href":"http:\/\/desarrollo.grupomedios.com\/futbol\/wp-json\/wp\/v2\/users\/20"}],"replies":[{"embeddable":true,"href":"http:\/\/desarrollo.grupomedios.com\/futbol\/wp-json\/wp\/v2\/comments?post=400621"}],"version-history":[{"count":0,"href":"http:\/\/desarrollo.grupomedios.com\/futbol\/wp-json\/wp\/v2\/posts\/400621\/revisions"}],"wp:featuredmedia":[{"embeddable":true,"href":"http:\/\/desarrollo.grupomedios.com\/futbol\/wp-json\/wp\/v2\/media\/400628"}],"wp:attachment":[{"href":"http:\/\/desarrollo.grupomedios.com\/futbol\/wp-json\/wp\/v2\/media?parent=400621"}],"wp:term":[{"taxonomy":"category","embeddable":true,"href":"http:\/\/desarrollo.grupomedios.com\/futbol\/wp-json\/wp\/v2\/categories?post=400621"},{"taxonomy":"post_tag","embeddable":true,"href":"http:\/\/desarrollo.grupomedios.com\/futbol\/wp-json\/wp\/v2\/tags?post=400621"}],"curies":[{"name":"wp","href":"https:\/\/api.w.org\/{rel}","templated":true}]}}