{"id":400647,"date":"2016-05-31T11:44:28","date_gmt":"2016-05-31T17:44:28","guid":{"rendered":"http:\/\/www.futboltotal.com.mx\/?p=400647"},"modified":"2016-05-31T11:46:19","modified_gmt":"2016-05-31T17:46:19","slug":"espana-deja-a-isco-la-eurocopa","status":"publish","type":"post","link":"http:\/\/desarrollo.grupomedios.com\/futbol\/futbol-internacional\/espana-deja-a-isco-la-eurocopa\/2016\/05","title":{"rendered":"Espa\u00f1a deja fuera a Isco y Sa\u00fal de la Eurocopa"},"content":{"rendered":"<p>En conferencia de prensa, el entrenador Vicente del Bosque, anunci\u00f3 la lista de 23 jugadores \u00a0de <strong>Espa\u00f1a<\/strong> que disputar\u00e1n la Eurocopa, \u00a0en donde destaca la ausencia del jugador del Real Madrid, <strong>Isco Alarc\u00f3n<\/strong>.<\/p>\n<blockquote class=\"twitter-tweet\" data-lang=\"es\">\n<p dir=\"ltr\" lang=\"es\">OFICIAL | 23 hombres para hacer realidad el sue\u00f1o de una naci\u00f3n. \u00a1A POR LA RECONQUISTA! ?????<a href=\"https:\/\/twitter.com\/hashtag\/VamosEspa%C3%B1a?src=hash\">#VamosEspa\u00f1a<\/a><a href=\"https:\/\/twitter.com\/hashtag\/EURO2016?src=hash\">#EURO2016<\/a><a href=\"https:\/\/t.co\/knpiLsyjLG\">pic.twitter.com\/knpiLsyjLG<\/a><\/p>\n<p>\u2014 Selecci\u00f3n Espa\u00f1ola (@SeFutbol) <a href=\"https:\/\/twitter.com\/SeFutbol\/status\/737687646198214656\">31 de mayo de 2016<\/a><\/p><\/blockquote>\n<p>&#8220;Hemos tratado de equilibrar la plantilla.\u00a0 Creo que con estos 23 estamos cubiertos. Hay m\u00e1s que pod\u00edan haber venido&#8221;, declar\u00f3 el timonel espa\u00f1ol.<\/p>\n<p>Del Bosque se decidi\u00f3 hasta el \u00faltimo d\u00eda para recortar a los \u00faltimos cuatro futbolistas, que se decidi\u00f3 entre Juanfran, <strong>Sa\u00fal<\/strong> y Koke, y Lucas Vazquez, Sergio Ramos e <strong>Isco<\/strong>, todos del Atl\u00e9tico de Madrid y Real Madrid, los \u00faltimos finalistas de la Champions League.<\/p>\n<p style=\"text-align: center;\"><span style=\"color: #3366ff;\"><a href=\"http:\/\/www.futboltotal.com.mx\/2016\/05\/marco-reus-la-euro\/\" target=\"_blank\">LEER M\u00c1S: Marco Reus fuera de la Eurocopa<\/a><\/span><\/p>\n<p>Finalmente el t\u00e9cnico se baj\u00f3 del equipo a uno de cada club: <strong>Sa\u00fal \u00d1\u00edguez<\/strong> e<strong> Isco Alarcon<\/strong>.<\/p>\n<p>&#8220;No he hablado con los descartados personalmente. Ellos\u00a0tienen nivel para estar aqu\u00ed pero s\u00f3lo puedo llevar a 23&#8221;, finaliz\u00f3 del Bosque, que tambi\u00e9n confirm\u00f3 la llegada de H\u00e9ctor Bellerin por el lesionado Dani Carvajal.<\/p>\n<p><script src=\"\/\/platform.twitter.com\/widgets.js\" async=\"\" charset=\"utf-8\"><\/script><\/p>\n","protected":false},"excerpt":{"rendered":"<p>Del Bosque sorprendi\u00f3 con la convocatoria<\/p>\n","protected":false},"author":20,"featured_media":400659,"comment_status":"closed","ping_status":"closed","sticky":false,"template":"","format":"standard","meta":[],"categories":[6995,3839,6999,5951],"tags":[253,6152,7135],"_links":{"self":[{"href":"http:\/\/desarrollo.grupomedios.com\/futbol\/wp-json\/wp\/v2\/posts\/400647"}],"collection":[{"href":"http:\/\/desarrollo.grupomedios.com\/futbol\/wp-json\/wp\/v2\/posts"}],"about":[{"href":"http:\/\/desarrollo.grupomedios.com\/futbol\/wp-json\/wp\/v2\/types\/post"}],"author":[{"embeddable":true,"href":"http:\/\/desarrollo.grupomedios.com\/futbol\/wp-json\/wp\/v2\/users\/20"}],"replies":[{"embeddable":true,"href":"http:\/\/desarrollo.grupomedios.com\/futbol\/wp-json\/wp\/v2\/comments?post=400647"}],"version-history":[{"count":0,"href":"http:\/\/desarrollo.grupomedios.com\/futbol\/wp-json\/wp\/v2\/posts\/400647\/revisions"}],"wp:featuredmedia":[{"embeddable":true,"href":"http:\/\/desarrollo.grupomedios.com\/futbol\/wp-json\/wp\/v2\/media\/400659"}],"wp:attachment":[{"href":"http:\/\/desarrollo.grupomedios.com\/futbol\/wp-json\/wp\/v2\/media?parent=400647"}],"wp:term":[{"taxonomy":"category","embeddable":true,"href":"http:\/\/desarrollo.grupomedios.com\/futbol\/wp-json\/wp\/v2\/categories?post=400647"},{"taxonomy":"post_tag","embeddable":true,"href":"http:\/\/desarrollo.grupomedios.com\/futbol\/wp-json\/wp\/v2\/tags?post=400647"}],"curies":[{"name":"wp","href":"https:\/\/api.w.org\/{rel}","templated":true}]}}