{"id":400678,"date":"2016-05-31T12:53:53","date_gmt":"2016-05-31T18:53:53","guid":{"rendered":"http:\/\/www.futboltotal.com.mx\/?p=400678"},"modified":"2016-05-31T12:53:53","modified_gmt":"2016-05-31T18:53:53","slug":"boca-lanza-puntual-oferta-benedetto","status":"publish","type":"post","link":"http:\/\/desarrollo.grupomedios.com\/futbol\/futbol-mexicano\/boca-lanza-puntual-oferta-benedetto\/2016\/05","title":{"rendered":"Boca lanza puntual oferta por Benedetto"},"content":{"rendered":"<p><a href=\"http:\/\/www.futboltotal.com.mx\/2016\/05\/en-serio-te-iras-a-boca-benedetto\/\" target=\"_blank\">Hace un par de semanas se dio a conocer que <strong>Dar\u00edo Benedetto<\/strong>, actual jugador del Am\u00e9rica,\u00a0era uno de los posibles refuerzos de<strong>\u00a0Boca Juniors<\/strong><\/a>. Ahora, el rumor se ensancha ante una presumible oferta puntual del cuadro <em>xeneise<\/em> para hacerse de los servicios del delantero argentino.<\/p>\n<p>En ese sentido, seg\u00fan publica el diario deportivo\u00a0<em>R\u00e9cord<\/em>, <strong>Boca Juniors<\/strong>\u00a0ofrece\u00a0cerca de 3 millones de d\u00f3lares para hacer efectiva la compra de <strong>Dar\u00edo Benedetto<\/strong>, quien solicit\u00f3 salir de la instituci\u00f3n de cara al pr\u00f3ximo campeonato y\u00a0que se encuentra en la lista de transferibles del cuadro de Coapa.<\/p>\n<p style=\"text-align: center;\"><span style=\"color: #3366ff;\"><strong><a style=\"color: #3366ff;\" href=\"http:\/\/www.futboltotal.com.mx\/2016\/05\/futbol-estufa-rumbo-al-apertura-2016\/\">LEER M\u00c1S: Futbol de Estufa, rumbo al Apertura 2016<\/a><\/strong><\/span><\/p>\n<p>Sobre la oferta, se apunta\u00a0que no est\u00e1 ni cerca del valor que pag\u00f3 <a href=\"http:\/\/www.futboltotal.com.mx\/equipos\/america\/\" target=\"_blank\">Am\u00e9rica<\/a> a Xolos hace a\u00f1o y medio, por lo que ambas directivas siguen en pl\u00e1ticas para llegar a un acuerdo.<\/p>\n<p>En tanto, cabe recordar que desde el pasado r\u00e9gimen de transferencias invernal, <strong>Boca Juniors<\/strong>\u00a0ten\u00eda en la \u00f3rbita al\u00a0<em>Pipa<\/em>\u00a0para suplir la baja de Jonathan Callieri. Al final la directiva del club argentino dio carpetazo a su posible contrataci\u00f3n y se decant\u00f3 por repatriar a Pablo Daniel Osvaldo, quien tuvo un paso fugaz por el Porto.<\/p>\n<blockquote class=\"twitter-tweet\" data-lang=\"es\">\n<p dir=\"ltr\" lang=\"es\">Con esta playera celebramos juntos tus 50 a\u00f1os y nuestros <a href=\"https:\/\/twitter.com\/hashtag\/100A%C3%B1osDeGrandeza?src=hash\">#100A\u00f1osDeGrandeza<\/a> <a href=\"https:\/\/t.co\/XGYlM0YRmS\">pic.twitter.com\/XGYlM0YRmS<\/a><\/p>\n<p>\u2014 Club Am\u00e9rica (@ClubAmerica) <a href=\"https:\/\/twitter.com\/ClubAmerica\/status\/736970999288078336\">29 de mayo de 2016<\/a><\/p><\/blockquote>\n<p><script src=\"\/\/platform.twitter.com\/widgets.js\" async=\"\" charset=\"utf-8\"><\/script><\/p>\n<p>La eventual salida\u00a0de\u00a0<strong>Benedetto<\/strong>\u00a0ha causado revuelo m\u00e1s de lo normal, luego de que el delantero del americanista confesara para el programa<em>\u00a0Closs Continenta<\/em>l argentino: \u201cTengo contrato en Am\u00e9rica, pero por jugar en Boca hago lo que sea\u201d.<\/p>\n<p>Desde que el\u00a0<em>Pipa<\/em>\u00a0militaba en el Arsenal de Sarand\u00ed ha dejado claro que el\u00a0<strong>Boca Juniors<\/strong>\u00a0es el club de sus sue\u00f1os, de hecho tiene un tatuaje en el costado izquierdo del abdomen.<\/p>\n<p style=\"text-align: center;\"><strong><span style=\"color: #3366ff;\"><a style=\"color: #3366ff;\" href=\"http:\/\/www.futboltotal.com.mx\/2016\/05\/benedetto-a-paso-del-cruz-azul\/\">LEER M\u00c1S: Benedetto, \u00bfa un paso del Cruz Azul?<\/a><\/span><\/strong><\/p>\n<p>Por otra parte, trasciende que Cruz Azul,\u00a0Santos y Toluca, equipos de la Liga MX,\u00a0han mostrado inter\u00e9s por <strong>Dar\u00edo Benedetto<\/strong> para reforzar su ataque de cara al Apertura 2016.<\/p>\n","protected":false},"excerpt":{"rendered":"<p>El cuadro xeneise ofrece cerca de 3 millones de d\u00f3lares por el Pipa<\/p>\n","protected":false},"author":20,"featured_media":400683,"comment_status":"closed","ping_status":"closed","sticky":false,"template":"","format":"standard","meta":[],"categories":[2198,3845,5950],"tags":[5959,3876],"_links":{"self":[{"href":"http:\/\/desarrollo.grupomedios.com\/futbol\/wp-json\/wp\/v2\/posts\/400678"}],"collection":[{"href":"http:\/\/desarrollo.grupomedios.com\/futbol\/wp-json\/wp\/v2\/posts"}],"about":[{"href":"http:\/\/desarrollo.grupomedios.com\/futbol\/wp-json\/wp\/v2\/types\/post"}],"author":[{"embeddable":true,"href":"http:\/\/desarrollo.grupomedios.com\/futbol\/wp-json\/wp\/v2\/users\/20"}],"replies":[{"embeddable":true,"href":"http:\/\/desarrollo.grupomedios.com\/futbol\/wp-json\/wp\/v2\/comments?post=400678"}],"version-history":[{"count":0,"href":"http:\/\/desarrollo.grupomedios.com\/futbol\/wp-json\/wp\/v2\/posts\/400678\/revisions"}],"wp:featuredmedia":[{"embeddable":true,"href":"http:\/\/desarrollo.grupomedios.com\/futbol\/wp-json\/wp\/v2\/media\/400683"}],"wp:attachment":[{"href":"http:\/\/desarrollo.grupomedios.com\/futbol\/wp-json\/wp\/v2\/media?parent=400678"}],"wp:term":[{"taxonomy":"category","embeddable":true,"href":"http:\/\/desarrollo.grupomedios.com\/futbol\/wp-json\/wp\/v2\/categories?post=400678"},{"taxonomy":"post_tag","embeddable":true,"href":"http:\/\/desarrollo.grupomedios.com\/futbol\/wp-json\/wp\/v2\/tags?post=400678"}],"curies":[{"name":"wp","href":"https:\/\/api.w.org\/{rel}","templated":true}]}}